{"id":3831,"date":"2026-07-26T08:34:41","date_gmt":"2026-07-26T08:34:41","guid":{"rendered":"https:\/\/thelb.al\/?p=3831"},"modified":"2026-07-26T08:34:41","modified_gmt":"2026-07-26T08:34:41","slug":"penelope-cruz-dhe-javier-bardem-serish-bashke-ne-venecia","status":"publish","type":"post","link":"https:\/\/thelb.al\/?p=3831","title":{"rendered":"Pen\u00e9lope Cruz dhe Javier Bardem s\u00ebrish bashk\u00eb n\u00eb Venecia"},"content":{"rendered":"<p>Pas nj\u00eb karriere t\u00eb nd\u00ebrtuar mes roleve q\u00eb kan\u00eb l\u00ebn\u00eb gjurm\u00eb n\u00eb kineman\u00eb bot\u00ebrore dhe nj\u00eb historie dashurie q\u00eb nisi m\u00eb shum\u00eb se tre dekada m\u00eb par\u00eb, Pen\u00e9lope Cruz dhe Javier Bardem do t\u00eb ndajn\u00eb s\u00ebrish ekranin e madh.<\/p>\n<p>Dy fituesit e \u00e7mimit Oscar do t\u00eb jen\u00eb protagonist\u00ebt e &#8216;<strong>Bunker&#8217;<\/strong>, thrillerit t\u00eb ri psikologjik t\u00eb regjisorit Florian Zeller, i cili do t\u00eb prezantohet n\u00eb konkurrim n\u00eb edicionin e 83-t\u00eb t\u00eb Festivalit Nd\u00ebrkomb\u00ebtar t\u00eb Filmit n\u00eb Venecia.<\/p>\n<p><img loading=\"lazy\" loading=\"lazy\" decoding=\"async\" class=\"alignnone size-large wp-image-3832\" src=\"https:\/\/thelb.al\/wp-content\/uploads\/2026\/07\/SnapInsta.to_733655830_18109851440289771_8613672254504872960_n-823x1024.webp\" alt=\"\" width=\"823\" height=\"1024\" \/><\/p>\n<p>N\u00eb film, Cruz dhe Bardem interpretojn\u00eb nj\u00eb \u00e7ift q\u00eb p\u00ebrballet me nj\u00eb kriz\u00eb t\u00eb thell\u00eb morale dhe emocionale. Historia ndjek nj\u00eb arkitekt q\u00eb pranon t\u00eb projektoj\u00eb nj\u00eb bunker mbijetese p\u00ebr nj\u00eb miliarder t\u00eb teknologjis\u00eb, nj\u00eb vendim q\u00eb fillon t\u00eb ndikoj\u00eb jo vet\u00ebm n\u00eb jet\u00ebn e tij profesionale, por edhe n\u00eb martes\u00ebn e tij pas 17 vitesh.<\/p>\n<p>Me k\u00ebt\u00eb projekt, Florian Zeller, regjisori i &#8216;<strong>The Father&#8217;<\/strong> dhe &#8216;<strong>The Son&#8217;<\/strong>, rikthehet te temat q\u00eb e kan\u00eb karakterizuar krijimtarin\u00eb e tij: marr\u00ebdh\u00ebniet njer\u00ebzore, dilemat morale dhe pasojat q\u00eb zgjedhjet personale mund t\u00eb ken\u00eb mbi jet\u00ebn private.<\/p>\n<p><img loading=\"lazy\" loading=\"lazy\" decoding=\"async\" class=\"alignnone size-large wp-image-3833\" src=\"https:\/\/thelb.al\/wp-content\/uploads\/2026\/07\/SnapInsta.to_731442426_18109851539289771_1127992589505492293_n-823x1024.webp\" alt=\"\" width=\"823\" height=\"1024\" \/><\/p>\n<p>P\u00ebr Pen\u00e9lope Cruz dhe Javier Bardem, &#8216;<strong>Bunker&#8217;<\/strong> sh\u00ebnon nj\u00eb tjet\u00ebr bashk\u00ebpunim pas filmave &#8216;<strong>Jam\u00f3n, Jam\u00f3n&#8217;<\/strong>, &#8216;<strong>Vicky Cristina Barcelona&#8217;<\/strong>, &#8216;<strong>Loving Pablo&#8217;<\/strong> dhe &#8216;<strong>Everybody Knows&#8217;<\/strong>. Historia e tyre artistike nisi n\u00eb vitin 1992 pik\u00ebrisht n\u00eb xhirimet e &#8216;<strong>Jam\u00f3n, Jam\u00f3n&#8217;<\/strong>, filmi q\u00eb sh\u00ebnoi debutimin kinematografik t\u00eb Cruz. Miq\u00ebsia e asaj kohe u shnd\u00ebrrua vite m\u00eb von\u00eb n\u00eb nj\u00eb histori dashurie, duke i b\u00ebr\u00eb sot nj\u00eb nga \u00e7iftet m\u00eb t\u00eb njohura t\u00eb kinemas\u00eb nd\u00ebrkomb\u00ebtare.<\/p>\n<p>P\u00ebrve\u00e7 dy protagonist\u00ebve, filmi sjell n\u00eb ekran edhe Stephen Graham, Paul Dano dhe Patrick Schwarzenegger.<\/p>\n<p><img loading=\"lazy\" loading=\"lazy\" decoding=\"async\" class=\"alignnone size-large wp-image-3834\" src=\"https:\/\/thelb.al\/wp-content\/uploads\/2026\/07\/SnapInsta.to_742786930_18098680730589690_757022180306280982_n-772x1024.jpg\" alt=\"\" width=\"772\" height=\"1024\" \/><\/p>\n<p>Me nj\u00eb kast t\u00eb till\u00eb dhe me Florian Zeller pas kamer\u00ebs, &#8216;<strong>Bunker&#8217;<\/strong>\u00a0pritet t\u00eb jet\u00eb nj\u00eb nga premierat m\u00eb t\u00ebkomentuara t\u00eb Festivalit t\u00eb Venecias, jo vet\u00ebm p\u00ebr emrat q\u00eb bashkon, por edhe p\u00ebr historin\u00eb q\u00eb vendos n\u00eb qend\u00ebr: m\u00ebnyr\u00ebn se si zgjedhjet profesionale mund t\u00eb ndryshojn\u00eb rr\u00ebnj\u00ebsisht ekuilibrin e nj\u00eb marr\u00ebdh\u00ebnieje.<\/p>\n<p><strong>&#8211; THELB,<\/strong><\/p>\n","protected":false},"excerpt":{"rendered":"<p>Pas nj\u00eb karriere t\u00eb nd\u00ebrtuar mes roleve q\u00eb kan\u00eb l\u00ebn\u00eb gjurm\u00eb n\u00eb kineman\u00eb bot\u00ebrore dhe nj\u00eb historie dashurie q\u00eb nisi m\u00eb shum\u00eb se tre dekada m\u00eb par\u00eb, Pen\u00e9lope Cruz dhe Javier Bardem do t\u00eb ndajn\u00eb s\u00ebrish ekranin e madh. Dy fituesit e \u00e7mimit Oscar do t\u00eb jen\u00eb protagonist\u00ebt e &#8216;Bunker&#8217;, thrillerit t\u00eb ri psikologjik t\u00eb [&hellip;]<\/p>\n","protected":false},"author":2,"featured_media":3835,"comment_status":"open","ping_status":"open","sticky":false,"template":"","format":"standard","meta":{"footnotes":""},"categories":[48,52],"tags":[],"tmauthors":[64],"class_list":["post-3831","post","type-post","status-publish","format-standard","has-post-thumbnail","category-kulture","category-tv-filma"],"_links":{"self":[{"href":"https:\/\/thelb.al\/index.php?rest_route=\/wp\/v2\/posts\/3831","targetHints":{"allow":["GET"]}}],"collection":[{"href":"https:\/\/thelb.al\/index.php?rest_route=\/wp\/v2\/posts"}],"about":[{"href":"https:\/\/thelb.al\/index.php?rest_route=\/wp\/v2\/types\/post"}],"author":[{"embeddable":true,"href":"https:\/\/thelb.al\/index.php?rest_route=\/wp\/v2\/users\/2"}],"replies":[{"embeddable":true,"href":"https:\/\/thelb.al\/index.php?rest_route=%2Fwp%2Fv2%2Fcomments&post=3831"}],"version-history":[{"count":1,"href":"https:\/\/thelb.al\/index.php?rest_route=\/wp\/v2\/posts\/3831\/revisions"}],"predecessor-version":[{"id":3836,"href":"https:\/\/thelb.al\/index.php?rest_route=\/wp\/v2\/posts\/3831\/revisions\/3836"}],"wp:featuredmedia":[{"embeddable":true,"href":"https:\/\/thelb.al\/index.php?rest_route=\/wp\/v2\/media\/3835"}],"wp:attachment":[{"href":"https:\/\/thelb.al\/index.php?rest_route=%2Fwp%2Fv2%2Fmedia&parent=3831"}],"wp:term":[{"taxonomy":"category","embeddable":true,"href":"https:\/\/thelb.al\/index.php?rest_route=%2Fwp%2Fv2%2Fcategories&post=3831"},{"taxonomy":"post_tag","embeddable":true,"href":"https:\/\/thelb.al\/index.php?rest_route=%2Fwp%2Fv2%2Ftags&post=3831"},{"taxonomy":"tmauthors","embeddable":true,"href":"https:\/\/thelb.al\/index.php?rest_route=%2Fwp%2Fv2%2Ftmauthors&post=3831"}],"curies":[{"name":"wp","href":"https:\/\/api.w.org\/{rel}","templated":true}]}}