{"id":3839,"date":"2026-08-09T10:47:55","date_gmt":"2026-08-09T10:47:55","guid":{"rendered":"https:\/\/thelb.al\/?p=3839"},"modified":"2026-08-09T12:45:06","modified_gmt":"2026-08-09T12:45:06","slug":"nga-shqiperia-ne-greqi-itali-e-spanje18-brigje-per-te-zbuluar-ne-mesdhe","status":"publish","type":"post","link":"https:\/\/thelb.al\/?p=3839","title":{"rendered":"Nga Shqip\u00ebria n\u00eb Greqi, Itali e Spanj\u00eb, 18 brigje p\u00ebr t\u00eb zbuluar n\u00eb Mesdhe"},"content":{"rendered":"<p class=\"PDq2pG_selectionAnchorContainer\" data-start=\"773\" data-end=\"1006\">Ka nj\u00eb arsye pse disa prej brigjeve t\u00eb Mesdheut duken sikur uji ndryshon ngjyr\u00eb brenda pak metrash. E kaltra merr nuanca t\u00eb bruzta, transparenca zbulon fundin edhe n\u00eb thell\u00ebsi dhe shk\u00ebmbinjt\u00eb e bardh\u00eb e b\u00ebjn\u00eb detin t\u00eb duket edhe m\u00eb i ndritsh\u00ebm.\u00a0Guri g\u00eblqeror, r\u00ebra e \u00e7el\u00ebt dhe zalli reflektojn\u00eb drit\u00ebn, nd\u00ebrsa forma e bregut p\u00ebrcakton shum\u00eb nga karakteri i secilit vend. Disa plazhe fshihen n\u00eb fund t\u00eb grykave t\u00eb ngushta, t\u00eb tjera rrethohen nga shk\u00ebmbinj t\u00eb lart\u00eb ose hapen n\u00eb laguna ku deti q\u00ebndron i cek\u00ebt p\u00ebr dhjet\u00ebra metra.<\/p>\n<p data-start=\"1313\" data-end=\"1620\">Kjo \u00ebsht\u00eb edhe nj\u00eb nga ve\u00e7antit\u00eb e Mesdheut, brenda nj\u00eb hap\u00ebsire relativisht t\u00eb vog\u00ebl, peizazhi ndryshon vazhdimisht. Nga brigjet e thyera t\u00eb ishujve grek\u00eb te gjiret e Adriatikut, nga shk\u00ebmbinjt\u00eb e Sardenj\u00ebs dhe Korsik\u00ebs te uj\u00ebrat e cek\u00ebta t\u00eb Baleareve, secili vend ka nj\u00eb m\u00ebnyr\u00eb tjet\u00ebr p\u00ebr t\u00eb takuar detin.<\/p>\n<p data-start=\"1622\" data-end=\"1696\">N\u00eb k\u00ebt\u00eb p\u00ebrzgjedhje t\u00eb THELB jan\u00eb 18 prej tyre, mes tyre edhe dy brigje shqiptare.<\/p>\n<h3 data-section-id=\"1xe34eb\" data-start=\"1698\" data-end=\"1717\"><\/h3>\n<p data-start=\"1719\" data-end=\"1928\"><strong data-start=\"1719\" data-end=\"1742\">1. Antipaxos, Greqi<\/strong><\/p>\n<p data-start=\"1719\" data-end=\"1928\"><img loading=\"lazy\" loading=\"lazy\" decoding=\"async\" class=\"alignnone size-large wp-image-3840\" src=\"https:\/\/thelb.al\/wp-content\/uploads\/2026\/08\/voutoumi-vrika-beach-antipaxos-greece-1024x576.jpg\" alt=\"\" width=\"1024\" height=\"576\" \/><br data-start=\"1742\" data-end=\"1745\" \/>Zalli i bardh\u00eb dhe i l\u00ebmuar i bregut ia l\u00eb vendin r\u00ebr\u00ebs s\u00eb im\u00ebt e t\u00eb bardh\u00eb n\u00ebn uj\u00eb, duke b\u00ebr\u00eb q\u00eb deti t\u00eb ruaj\u00eb ngjyr\u00ebn e tij t\u00eb kalt\u00ebr edhe kur qielli \u00ebsht\u00eb me re. Selvit\u00eb zbresin deri pran\u00eb plazhit, nd\u00ebrsa vreshtat e ishullit shtrihen n\u00eb kodrat sip\u00ebr tij.<\/p>\n<p data-start=\"1930\" data-end=\"2146\"><strong data-start=\"1930\" data-end=\"1952\">2. Gjipe, Shqip\u00ebri<\/strong><\/p>\n<p data-start=\"1930\" data-end=\"2146\"><img loading=\"lazy\" loading=\"lazy\" decoding=\"async\" class=\"alignnone size-large wp-image-3841\" src=\"https:\/\/thelb.al\/wp-content\/uploads\/2026\/08\/Gjipe-Beach-South-Albania.-1-1024x683.webp\" alt=\"\" width=\"1024\" height=\"683\" \/><br data-start=\"1952\" data-end=\"1955\" \/>Gryka ngushtohet deri n\u00eb rreth 20 metra p\u00ebrpara se t\u00eb hapet n\u00eb nj\u00eb plazh me zall t\u00eb bardh\u00eb dhe uj\u00eb q\u00eb ndryshon nga e kaltra e \u00e7el\u00ebt n\u00eb blu t\u00eb thell\u00eb. N\u00eb breg ruhen ende bunker\u00eb t\u00eb periudh\u00ebs komuniste, nd\u00ebrsa n\u00eb pllaj\u00ebn mbi t\u00eb ndodhen rr\u00ebnojat e nj\u00eb manastiri. I vendosur aty ku kanioni i Gjipes\u00eb takohet me Jonin, plazhi rrethohet nga faqe t\u00eb larta shk\u00ebmbore dhe ruan ende nj\u00eb karakter m\u00eb t\u00eb eg\u00ebr se shum\u00eb prej brigjeve t\u00eb tjera t\u00eb Rivier\u00ebs Shqiptare.<\/p>\n<p data-start=\"2148\" data-end=\"2342\"><strong data-start=\"2148\" data-end=\"2181\">3. Stiniva Beach, Vis, Kroaci<\/strong><\/p>\n<p data-start=\"2148\" data-end=\"2342\"><img loading=\"lazy\" loading=\"lazy\" decoding=\"async\" class=\"alignnone size-large wp-image-3842\" src=\"https:\/\/thelb.al\/wp-content\/uploads\/2026\/08\/a3t1JP0-1024x767.jpg\" alt=\"\" width=\"1024\" height=\"767\" \/><br data-start=\"2181\" data-end=\"2184\" \/>Nj\u00eb shpell\u00eb detare humbi \u00e7atin\u00eb e saj duke l\u00ebn\u00eb pas nj\u00eb gji pothuajse rrethor me zall t\u00eb \u00e7el\u00ebt, q\u00eb lidhet me Adriatikun p\u00ebrmes nj\u00eb hapjeje vet\u00ebm kat\u00ebr metra t\u00eb gjer\u00eb. Formacionet e vjetra t\u00eb shpell\u00ebs jan\u00eb ende t\u00eb dukshme n\u00eb shk\u00ebmbinjt\u00eb pran\u00eb hyrjes.<\/p>\n<p data-start=\"2344\" data-end=\"2598\"><strong data-start=\"2344\" data-end=\"2382\">4. Cal\u00f3 des Moro, Mallorca, Spanj\u00eb<\/strong><\/p>\n<p data-start=\"2344\" data-end=\"2598\"><img loading=\"lazy\" loading=\"lazy\" decoding=\"async\" class=\"alignnone size-large wp-image-3843\" src=\"https:\/\/thelb.al\/wp-content\/uploads\/2026\/08\/View_of_the_bay_at_Calo_des_Moro_Mallorca_Spain_23899506181-1024x680.jpg\" alt=\"\" width=\"1024\" height=\"680\" \/><br data-start=\"2382\" data-end=\"2385\" \/>Shkall\u00ebt prej guri zbresin pran\u00eb kasolleve t\u00eb peshkatar\u00ebve t\u00eb Cala s\u2019Almunia-s drejt nj\u00eb brezi rreth 40 metra me r\u00ebr\u00eb t\u00eb \u00e7el\u00ebt. Shk\u00ebmbinjt\u00eb e rrethojn\u00eb nga tri an\u00eb, duke e mbajtur ujin e kalt\u00ebr brenda nj\u00eb gjiri q\u00eb ngjan me nj\u00eb pishin\u00eb natyrore.<\/p>\n<p data-start=\"2600\" data-end=\"2869\"><strong data-start=\"2600\" data-end=\"2641\">5. Gadishulli i Karaburunit, Shqip\u00ebri<\/strong><\/p>\n<p data-start=\"2600\" data-end=\"2869\"><img loading=\"lazy\" loading=\"lazy\" decoding=\"async\" class=\"alignnone size-large wp-image-3844\" src=\"https:\/\/thelb.al\/wp-content\/uploads\/2026\/08\/Sazan-Karaburun-8-1024x576.jpg\" alt=\"\" width=\"1024\" height=\"576\" \/><br data-start=\"2641\" data-end=\"2644\" \/>Detar\u00ebt q\u00eb prisnin p\u00ebrmir\u00ebsimin e motit p\u00ebrpara kalimit drejt Italis\u00eb kan\u00eb gdhendur emra dhe lutje n\u00eb shk\u00ebmbinjt\u00eb e gjirit, n\u00eb greqisht dhe latinisht, duke i dh\u00ebn\u00eb vendit edhe emrin. Sipas tradit\u00ebs, Pompeu besohet se \u00ebsht\u00eb ankoruar k\u00ebtu n\u00eb vitin 48 para er\u00ebs son\u00eb. Nj\u00eb vij\u00eb bregdetare ku malet bien drejt Jonit dhe shum\u00eb prej gjireve mbeten t\u00eb arritshme kryesisht nga deti. Shk\u00ebmbinjt\u00eb, shpellat dhe uji i kthjell\u00ebt i japin Karaburunit nj\u00eb karakter krejt tjet\u00ebr nga plazhet urbane t\u00eb jugut.<\/p>\n<p data-start=\"2871\" data-end=\"3110\"><strong data-start=\"2871\" data-end=\"2902\">6. Kelebekler Vadisi, Turqi<\/strong><\/p>\n<p data-start=\"2871\" data-end=\"3110\"><img loading=\"lazy\" loading=\"lazy\" decoding=\"async\" class=\"alignnone size-large wp-image-3846\" src=\"https:\/\/thelb.al\/wp-content\/uploads\/2026\/08\/kelebeklervadisi2_1-1024x683.jpg\" alt=\"\" width=\"1024\" height=\"683\" \/><br data-start=\"2902\" data-end=\"2905\" \/>&#8220;Butterfly Valley&#8221; ndodhet n\u00eb fund t\u00eb nj\u00eb lugine t\u00eb thell\u00eb pran\u00eb Fethiye-s, e rrethuar nga shk\u00ebmbinj t\u00eb lart\u00eb. Deti p\u00ebrpara dhe lugina pas tij krijojn\u00eb nj\u00eb nga peizazhet m\u00eb t\u00eb dallueshme t\u00eb bregdetit turk. Emrin ia kan\u00eb dh\u00ebn\u00eb fluturat, n\u00eb lugin\u00eb jan\u00eb identifikuar 105 lloje, mes tyre edhe Jersey tiger. Mure shk\u00ebmbore rreth 350 metra t\u00eb larta ngrihen n\u00eb tri an\u00ebt e plazhit, nd\u00ebrsa n\u00eb fund t\u00eb lugin\u00ebs ndodhet nj\u00eb uj\u00ebvar\u00eb q\u00eb b\u00ebhet m\u00eb e fuqishme n\u00eb pranver\u00eb.<\/p>\n<p data-start=\"3112\" data-end=\"3314\"><strong data-start=\"3112\" data-end=\"3148\">7. Santa Giulia, Korsik\u00eb, Franc\u00eb<\/strong><\/p>\n<p data-start=\"3112\" data-end=\"3314\"><img loading=\"lazy\" loading=\"lazy\" decoding=\"async\" class=\"alignnone size-large wp-image-3847\" src=\"https:\/\/thelb.al\/wp-content\/uploads\/2026\/08\/360_orig-1024x630.jpg\" alt=\"\" width=\"1024\" height=\"630\" \/><br data-start=\"3148\" data-end=\"3151\" \/>R\u00ebr\u00eb e bardh\u00eb dhe nj\u00eb gji i mbrojtur n\u00eb jug t\u00eb Korsik\u00ebs. Ndryshe nga shum\u00eb prej vendeve shk\u00ebmbore t\u00eb k\u00ebsaj liste, Santa Giulia ka pamjen e nj\u00eb lagune. Pishat ndajn\u00eb detin nga laguna pas tij, p\u00ebrgjat\u00eb nj\u00eb gjiri n\u00eb form\u00eb harku n\u00eb jug t\u00eb Porto-Vecchio-s. Uji mbetet i cek\u00ebt edhe shum\u00eb metra larg bregut, duke e b\u00ebr\u00eb Santa Giulia-n ve\u00e7an\u00ebrisht t\u00eb p\u00ebrshtatshme edhe p\u00ebr f\u00ebmij\u00ebt.<\/p>\n<p data-start=\"3316\" data-end=\"3525\"><strong data-start=\"3316\" data-end=\"3358\">8. Calanque d&#8217;En-Vau, Provence, Franc\u00eb<\/strong><\/p>\n<p data-start=\"3316\" data-end=\"3525\"><img loading=\"lazy\" loading=\"lazy\" decoding=\"async\" class=\"alignnone size-large wp-image-3848\" src=\"https:\/\/thelb.al\/wp-content\/uploads\/2026\/08\/t34-1024x683.webp\" alt=\"\" width=\"1024\" height=\"683\" \/><br data-start=\"3358\" data-end=\"3361\" \/>Nj\u00eb gji i ngusht\u00eb mes mureve t\u00eb bardha g\u00eblqerore pran\u00eb Cassis. Kontrasti mes shk\u00ebmbit pothuajse vertikal dhe ujit t\u00eb kalt\u00ebr \u00ebsht\u00eb ai q\u00eb e b\u00ebn En-Vau kaq t\u00eb ve\u00e7ant\u00eb. Emri do t\u00eb thot\u00eb \u201cn\u00eb lugin\u00eb\u201d dhe muret shk\u00ebmbore ngrihen aq drejt sa alpinist\u00ebt i ngjiten nga bregu. P\u00ebr t\u00eb arritur te uji duhen rreth nj\u00eb or\u00eb e gjysm\u00eb n\u00eb k\u00ebmb\u00eb nga Port-Miou, p\u00ebrmes pishave dhe shk\u00ebmbinjve t\u00eb bardh\u00eb.<\/p>\n<p data-start=\"3527\" data-end=\"3712\"><strong data-start=\"3527\" data-end=\"3558\">9. Zlatni Rat, Bra\u010d, Kroaci<\/strong><\/p>\n<p data-start=\"3527\" data-end=\"3712\"><img loading=\"lazy\" loading=\"lazy\" decoding=\"async\" class=\"alignnone size-large wp-image-3849\" src=\"https:\/\/thelb.al\/wp-content\/uploads\/2026\/08\/bol-zlatni-rat-ivo-biocina-1-v2-1024x575.jpg\" alt=\"\" width=\"1024\" height=\"575\" \/><br data-start=\"3558\" data-end=\"3561\" \/>\u00cbsht\u00eb nj\u00eb nga siluetat bregdetare m\u00eb t\u00eb njohura t\u00eb Kroacis\u00eb. Nj\u00eb brez i ngusht\u00eb zalli i formuar mbi nj\u00eb shk\u00ebmb n\u00ebnujor, forma e t\u00eb cilit ndryshon vazhdimisht n\u00ebn ndikimin e er\u00ebs dhe rrymave: maja mund t\u00eb drejtohet nga lindja nj\u00eb jav\u00eb dhe nga per\u00ebndimi jav\u00ebn tjet\u00ebr. Pishat pas plazhit rriten mbi toka q\u00eb deri n\u00eb vitet 1950 p\u00ebrdoreshin si vreshta.<\/p>\n<p data-start=\"3714\" data-end=\"3892\"><strong data-start=\"3714\" data-end=\"3753\">10. Ses Illetes, Formentera, Spanj\u00eb<\/strong><\/p>\n<p data-start=\"3714\" data-end=\"3892\"><img loading=\"lazy\" loading=\"lazy\" decoding=\"async\" class=\"alignnone size-large wp-image-3850\" src=\"https:\/\/thelb.al\/wp-content\/uploads\/2026\/08\/DJI_0006-1024x767.jpg\" alt=\"\" width=\"1024\" height=\"767\" \/><br data-start=\"3753\" data-end=\"3756\" \/>Emrin e merr nga ishujt e vegj\u00ebl p\u00ebrball\u00eb bregut. N\u00eb veri, brezi i r\u00ebr\u00ebs ngushtohet derisa deti shfaqet n\u00eb t\u00eb dyja an\u00ebt, nd\u00ebrsa livadhet n\u00ebnujore t\u00eb posidonias, t\u00eb mbrojtura nga UNESCO, ndihmojn\u00eb n\u00eb ruajtjen e kthjellt\u00ebsis\u00eb s\u00eb ujit.<\/p>\n<p data-start=\"3894\" data-end=\"4142\"><strong data-start=\"3894\" data-end=\"3927\">11. Navagio, Zakynthos, Greqi<\/strong><\/p>\n<p data-start=\"3894\" data-end=\"4142\"><img loading=\"lazy\" loading=\"lazy\" decoding=\"async\" class=\"alignnone size-large wp-image-3851\" src=\"https:\/\/thelb.al\/wp-content\/uploads\/2026\/08\/Navagio-Beach-Zante-Grecia-4-1024x712.jpg\" alt=\"\" width=\"1024\" height=\"712\" \/><br data-start=\"3927\" data-end=\"3930\" \/>Mure g\u00eblqerore e rrethojn\u00eb gjirin nga tri an\u00eb dhe reflektojn\u00eb drit\u00ebn n\u00eb uj\u00eb. N\u00eb breg q\u00ebndron ende anija <em data-start=\"148\" data-end=\"160\">Panagiotis<\/em>, e cila doli n\u00eb breg gjat\u00eb nj\u00eb stuhie n\u00eb vitin 1980. P\u00ebr arsye sigurie, zbritja n\u00eb plazh mbetet e ndaluar gjat\u00eb vitit 2026 dhe rr\u00ebnoja mund t\u00eb shihet nga platforma mbi shk\u00ebmb ose nga varkat, t\u00eb cilat duhet t\u00eb q\u00ebndrojn\u00eb t\u00eb pakt\u00ebn 50 metra larg.<\/p>\n<p data-start=\"4144\" data-end=\"4352\"><strong data-start=\"4144\" data-end=\"4181\">12. Porto Katsiki, Lefkada, Greqi<\/strong><\/p>\n<p data-start=\"4144\" data-end=\"4352\"><img loading=\"lazy\" loading=\"lazy\" decoding=\"async\" class=\"alignnone size-large wp-image-3852\" src=\"https:\/\/thelb.al\/wp-content\/uploads\/2026\/08\/lefkascruises-2018-makedonia-palace-porto-katsiki-1024x576.jpg\" alt=\"\" width=\"1024\" height=\"576\" \/><br data-start=\"4181\" data-end=\"4184\" \/>Shk\u00ebmbinjt\u00eb e bardh\u00eb, mbi 100 metra t\u00eb lart\u00eb, ngrihen mbi nj\u00eb brez t\u00eb ngusht\u00eb me zall t\u00eb bardh\u00eb, nd\u00ebrsa uji mbetet i kthjell\u00ebt deri n\u00eb tet\u00eb apo dhjet\u00eb metra n\u00eb dit\u00ebt kur deti \u00ebsht\u00eb i qet\u00eb. Nga maja e shk\u00ebmbit, rreth 100 shkall\u00eb t\u00eb \u00e7ojn\u00eb posht\u00eb drejt plazhit.<\/p>\n<p data-start=\"4354\" data-end=\"4603\"><strong data-start=\"4354\" data-end=\"4377\">13. Sardenj\u00eb, Itali<\/strong><\/p>\n<p data-start=\"4354\" data-end=\"4603\"><img loading=\"lazy\" loading=\"lazy\" decoding=\"async\" class=\"alignnone size-large wp-image-3853\" src=\"https:\/\/thelb.al\/wp-content\/uploads\/2026\/08\/cala-luna-the-jewel-of-eastern-sardinia-4_1920x1080_im_r7_h0_v0_t1_c000-000-000-255_q70-1024x576.jpg\" alt=\"\" width=\"1024\" height=\"576\" \/><br data-start=\"4377\" data-end=\"4380\" \/>Sardenja meriton m\u00eb shum\u00eb se nj\u00eb ndales\u00eb n\u00eb \u00e7do p\u00ebrzgjedhje mesdhetare. Vijat e saj bregdetare kalojn\u00eb nga gjiret e vegj\u00ebl t\u00eb fshehur mes shk\u00ebmbinjve te plazhet e gjata me r\u00ebr\u00eb t\u00eb bardh\u00eb dhe uj\u00eb jasht\u00ebzakonisht transparent. Dhjet\u00ebra pul\u00ebbardha mb\u00ebrrijn\u00eb n\u00eb per\u00ebndim t\u00eb diellit, nj\u00eb pamje q\u00eb i ka dh\u00ebn\u00eb emrin k\u00ebtij gjiri. Uji i \u00ebmb\u00ebl vazhdon t\u00eb rrjedh\u00eb nga shk\u00ebmbi n\u00eb qend\u00ebr, nd\u00ebrsa nj\u00eb formacion shk\u00ebmbor n\u00eb veri dikur sh\u00ebrbente si mol p\u00ebr varkat e prodhuesve t\u00eb qymyrit.<\/p>\n<p data-start=\"4605\" data-end=\"4837\"><strong data-start=\"4605\" data-end=\"4639\">14. Balos Lagoon, Kret\u00eb, Greqi<\/strong><\/p>\n<p data-start=\"4605\" data-end=\"4837\"><img loading=\"lazy\" loading=\"lazy\" decoding=\"async\" class=\"alignnone size-large wp-image-3854\" src=\"https:\/\/thelb.al\/wp-content\/uploads\/2026\/08\/Balos-Beach-2-1024x681.jpg\" alt=\"\" width=\"1024\" height=\"681\" \/><br data-start=\"4639\" data-end=\"4642\" \/>Laguna shtrihet mes kepit Gramvousa dhe kepit Tigani, me uj\u00eb shum\u00eb t\u00eb cek\u00ebt pran\u00eb bregut, ku r\u00ebra i jep n\u00eb disa pika nuanca roz\u00eb. Nd\u00ebrsa largohet nga bregu dhe thellohet, uji kalon n\u00eb nuanca gjithnj\u00eb e m\u00eb t\u00eb forta t\u00eb blus\u00eb. Shk\u00ebmbinjt\u00eb p\u00ebrreth jan\u00eb habitat p\u00ebr skifter\u00eb dhe kormoran\u00eb, nd\u00ebrsa n\u00eb ishullin Gramvousa ndodhet edhe nj\u00eb fortes\u00eb veneciane.<\/p>\n<p data-start=\"4839\" data-end=\"5069\"><strong data-start=\"4839\" data-end=\"4873\">15. La Pelosa, Sardenj\u00eb, Itali<\/strong><\/p>\n<p data-start=\"4839\" data-end=\"5069\"><img loading=\"lazy\" loading=\"lazy\" decoding=\"async\" class=\"alignnone size-large wp-image-3855\" src=\"https:\/\/thelb.al\/wp-content\/uploads\/2026\/08\/Stintino_AdobeStock_535066593-scaled-1-1024x682.jpeg\" alt=\"\" width=\"1024\" height=\"682\" \/><br data-start=\"4873\" data-end=\"4876\" \/>N\u00eb skajin veriper\u00ebndimor t\u00eb Sardenj\u00ebs, La Pelosa shtrihet p\u00ebrball\u00eb ishullit Asinara, n\u00eb nj\u00eb pik\u00eb ku takohen rryma dhe uj\u00ebra t\u00eb ndryshme t\u00eb Mesdheut. Deti jasht\u00ebzakonisht i cek\u00ebt dhe i kthjell\u00ebt, r\u00ebra e bardh\u00eb dhe kulla historike q\u00eb ngrihet p\u00ebrball\u00eb bregut krijojn\u00eb nj\u00eb nga peizazhet m\u00eb t\u00eb dallueshme t\u00eb ishullit. P\u00ebrball\u00eb bregut ngrihet nj\u00eb kull\u00eb vrojtimi aragoneze e shekullit XVI, e nd\u00ebrtuar dikur p\u00ebr t\u00eb dalluar sulmet e pirat\u00ebve.<\/p>\n<p data-start=\"5071\" data-end=\"5269\"><strong data-start=\"5071\" data-end=\"5124\">16. Cala Macarella &amp; Macarelleta, Menorca, Spanj\u00eb<\/strong><\/p>\n<p data-start=\"5071\" data-end=\"5269\"><img loading=\"lazy\" loading=\"lazy\" decoding=\"async\" class=\"alignnone size-large wp-image-3856\" src=\"https:\/\/thelb.al\/wp-content\/uploads\/2026\/08\/View_of_the_bay_at_Calo_des_Moro_Mallorca_Spain_23899506181-1-1024x680.jpg\" alt=\"\" width=\"1024\" height=\"680\" \/><br data-start=\"5124\" data-end=\"5127\" \/>Dy gjire me r\u00ebr\u00eb t\u00eb \u00e7el\u00ebt, t\u00eb rrethuar nga shk\u00ebmbinj g\u00eblqeror\u00eb dhe pisha, lidhen mes tyre nga nj\u00eb shteg p\u00ebrgjat\u00eb shk\u00ebmbit. Nj\u00eb nga m\u00ebnyrat p\u00ebr t\u00eb mb\u00ebrritur \u00ebsht\u00eb p\u00ebrmes Cam\u00ed de Cavalls, shtegut historik q\u00eb p\u00ebrshkon Menorca-n, duke ecur nga Cala Galdana.<\/p>\n<p data-start=\"5271\" data-end=\"5497\"><strong data-start=\"5271\" data-end=\"5308\">17. Fteri Beach, Kefalonia, Greqi<\/strong><\/p>\n<p data-start=\"5271\" data-end=\"5497\"><img loading=\"lazy\" loading=\"lazy\" decoding=\"async\" class=\"alignnone size-large wp-image-3857\" src=\"https:\/\/thelb.al\/wp-content\/uploads\/2026\/08\/fteri-beach-una-baia-meravigliosa-01-1024x683.jpg\" alt=\"\" width=\"1024\" height=\"683\" \/><br data-start=\"5308\" data-end=\"5311\" \/>Zall i bardh\u00eb n\u00eb k\u00ebmb\u00ebt e shk\u00ebmbinjve q\u00eb rrethojn\u00eb plazhin si nj\u00eb amfiteat\u00ebr, n\u00eb gadishullin Paliki. N\u00eb nj\u00ebrin skaj ndodhet nj\u00eb shpell\u00eb ku mund t\u00eb hyhet me not, nd\u00ebrsa nga Zola udh\u00ebtimi me taksi ujore zgjat vet\u00ebm rreth dhjet\u00eb minuta.<\/p>\n<p data-start=\"5499\" data-end=\"5740\"><strong data-start=\"5499\" data-end=\"5538\">18. Cala Goloritz\u00e9, Sardenj\u00eb, Itali<\/strong><\/p>\n<p data-start=\"5499\" data-end=\"5740\"><img loading=\"lazy\" loading=\"lazy\" decoding=\"async\" class=\"alignnone size-large wp-image-3858\" src=\"https:\/\/thelb.al\/wp-content\/uploads\/2026\/08\/spiaggia-palme-FORMATO-RETTANGOLARE-IT-ultime-news-1024x717.webp\" alt=\"\" width=\"1024\" height=\"717\" \/><br data-start=\"5538\" data-end=\"5541\" \/>N\u00eb nj\u00ebrin skaj t\u00eb plazhit ngrihet nj\u00eb maj\u00eb g\u00eblqerore 148 metra mbi breg, nd\u00ebrsa nj\u00eb hark shk\u00ebmbor pran\u00eb vij\u00ebs s\u00eb ujit rrethon pish\u00ebn m\u00eb t\u00eb vetmuar t\u00eb bregdetit. Vet\u00ebm 250 persona lejohen n\u00eb dit\u00eb n\u00eb plazh, nd\u00ebrsa varkat nuk mund t&#8217;i afrohen bregut m\u00eb shum\u00eb se 300 metra.<\/p>\n<p data-start=\"5755\" data-end=\"6032\">Nga Gjipe te Antipaxos, nga Korsika te Sardenja, k\u00ebto brigje nuk ngjajn\u00eb domosdoshm\u00ebrisht me nj\u00ebri-tjetrin. Disa jan\u00eb laguna t\u00eb hapura dhe t\u00eb ndritshme, t\u00eb tjera gjire t\u00eb vegj\u00ebl t\u00eb fshehur mes shk\u00ebmbinjve, disa arrihen leht\u00ebsisht, t\u00eb tjera k\u00ebrkojn\u00eb ecje ose mb\u00ebrritje nga deti.<\/p>\n<p data-start=\"6034\" data-end=\"6200\">Por t\u00eb gjitha tregojn\u00eb di\u00e7ka nga karakteri i Mesdheut: nj\u00eb det ku gjeografia, drita dhe uji ndryshojn\u00eb vazhdimisht peizazhin, ndonj\u00ebher\u00eb vet\u00ebm brenda pak kilometrash.<\/p>\n<p data-start=\"6034\" data-end=\"6200\"><strong>&#8211; THELB,<\/strong><\/p>\n","protected":false},"excerpt":{"rendered":"<p>Ka nj\u00eb arsye pse disa prej brigjeve t\u00eb Mesdheut duken sikur uji ndryshon ngjyr\u00eb brenda pak metrash. E kaltra merr nuanca t\u00eb bruzta, transparenca zbulon fundin edhe n\u00eb thell\u00ebsi dhe shk\u00ebmbinjt\u00eb e bardh\u00eb e b\u00ebjn\u00eb detin t\u00eb duket edhe m\u00eb i ndritsh\u00ebm.\u00a0Guri g\u00eblqeror, r\u00ebra e \u00e7el\u00ebt dhe zalli reflektojn\u00eb drit\u00ebn, nd\u00ebrsa forma e bregut p\u00ebrcakton [&hellip;]<\/p>\n","protected":false},"author":2,"featured_media":3859,"comment_status":"open","ping_status":"open","sticky":false,"template":"","format":"standard","meta":{"footnotes":""},"categories":[57],"tags":[],"tmauthors":[64],"class_list":["post-3839","post","type-post","status-publish","format-standard","has-post-thumbnail","category-jetese"],"_links":{"self":[{"href":"https:\/\/thelb.al\/index.php?rest_route=\/wp\/v2\/posts\/3839","targetHints":{"allow":["GET"]}}],"collection":[{"href":"https:\/\/thelb.al\/index.php?rest_route=\/wp\/v2\/posts"}],"about":[{"href":"https:\/\/thelb.al\/index.php?rest_route=\/wp\/v2\/types\/post"}],"author":[{"embeddable":true,"href":"https:\/\/thelb.al\/index.php?rest_route=\/wp\/v2\/users\/2"}],"replies":[{"embeddable":true,"href":"https:\/\/thelb.al\/index.php?rest_route=%2Fwp%2Fv2%2Fcomments&post=3839"}],"version-history":[{"count":8,"href":"https:\/\/thelb.al\/index.php?rest_route=\/wp\/v2\/posts\/3839\/revisions"}],"predecessor-version":[{"id":3863,"href":"https:\/\/thelb.al\/index.php?rest_route=\/wp\/v2\/posts\/3839\/revisions\/3863"}],"wp:featuredmedia":[{"embeddable":true,"href":"https:\/\/thelb.al\/index.php?rest_route=\/wp\/v2\/media\/3859"}],"wp:attachment":[{"href":"https:\/\/thelb.al\/index.php?rest_route=%2Fwp%2Fv2%2Fmedia&parent=3839"}],"wp:term":[{"taxonomy":"category","embeddable":true,"href":"https:\/\/thelb.al\/index.php?rest_route=%2Fwp%2Fv2%2Fcategories&post=3839"},{"taxonomy":"post_tag","embeddable":true,"href":"https:\/\/thelb.al\/index.php?rest_route=%2Fwp%2Fv2%2Ftags&post=3839"},{"taxonomy":"tmauthors","embeddable":true,"href":"https:\/\/thelb.al\/index.php?rest_route=%2Fwp%2Fv2%2Ftmauthors&post=3839"}],"curies":[{"name":"wp","href":"https:\/\/api.w.org\/{rel}","templated":true}]}}