{"id":3868,"date":"2026-08-09T15:19:33","date_gmt":"2026-08-09T15:19:33","guid":{"rendered":"https:\/\/thelb.al\/?p=3868"},"modified":"2026-08-09T15:19:33","modified_gmt":"2026-08-09T15:19:33","slug":"pas-amelie-zgjedhja-e-pazakonte-e-audrey-tautou-ne-kulmin-e-fames","status":"publish","type":"post","link":"https:\/\/thelb.al\/?p=3868","title":{"rendered":"Pas &#8216;Am\u00e9lie&#8217;, zgjedhja e pazakont\u00eb e Audrey Tautou n\u00eb kulmin e fam\u00ebs"},"content":{"rendered":"<p>P\u00ebr shum\u00eb njer\u00ebz, Audrey Tautou mbetet ende Am\u00e9lie Poulain, vajza me flok\u00ebt e shkurt\u00ebr t\u00eb zinj dhe v\u00ebshtrimin e madh kureshtar q\u00eb, n\u00eb vitin 2001, e ktheu nj\u00eb film francez n\u00eb nj\u00eb fenomen bot\u00ebror. P\u00ebr t\u00eb tjer\u00eb \u00ebsht\u00eb Sophie Neveu e <em>The Da Vinci Code<\/em>, p\u00ebrkrah Tom Hanks, apo Coco Chanel e <em>Coco Before Chanel<\/em>, rol q\u00eb i solli edhe nj\u00eb nominim BAFTA.<\/p>\n<p><img loading=\"lazy\" loading=\"lazy\" decoding=\"async\" class=\"alignnone size-large wp-image-3874\" src=\"https:\/\/thelb.al\/wp-content\/uploads\/2026\/08\/076_CHL_036705-683x1024.jpg\" alt=\"\" width=\"683\" height=\"1024\" \/><\/p>\n<p><img loading=\"lazy\" loading=\"lazy\" decoding=\"async\" class=\"alignnone size-large wp-image-3875\" src=\"https:\/\/thelb.al\/wp-content\/uploads\/2026\/08\/w780_pKfmpmZgH2LDPK4l1GbtnCWTukf-683x1024.jpg\" alt=\"\" width=\"683\" height=\"1024\" \/><\/p>\n<p><img loading=\"lazy\" loading=\"lazy\" decoding=\"async\" class=\"alignnone size-large wp-image-3876\" src=\"https:\/\/thelb.al\/wp-content\/uploads\/2026\/08\/31576306906-705x1024.jpg\" alt=\"\" width=\"705\" height=\"1024\" \/><\/p>\n<p>Sot Audrey Tautou feston dit\u00eblindjen e saj t\u00eb pes\u00ebdhjet\u00eb dhe pik\u00ebrisht n\u00eb k\u00ebt\u00eb dit\u00eb THELB i rikthehet historis\u00eb s\u00eb nj\u00eb prej aktoreve franceze m\u00eb t\u00eb njohura nd\u00ebrkomb\u00ebtarisht, e cila prej disa vitesh ka zgjedhur t\u00eb jet\u00eb shum\u00eb m\u00eb pak e pranishme n\u00eb ekran.<\/p>\n<p><img loading=\"lazy\" loading=\"lazy\" decoding=\"async\" class=\"alignnone size-large wp-image-3870\" src=\"https:\/\/thelb.al\/wp-content\/uploads\/2026\/08\/audrey-tautou_1-1024x768.webp\" alt=\"\" width=\"1024\" height=\"768\" \/><\/p>\n<p>Nj\u00eb dalje e saj s\u00eb fundmi n\u00eb Montmartre, ku hapi sfilat\u00ebn e AMI, ishte hera e par\u00eb q\u00eb Tautou sfilonte p\u00ebr nj\u00eb mark\u00eb mode dhe nj\u00eb nga ato shfaqje publike q\u00eb solli p\u00ebrs\u00ebri pyetjen q\u00eb e ka ndjekur prej vitesh: \u00e7far\u00eb ndodhi me Audrey Tautou?<\/p>\n<p>P\u00ebrgjigjja q\u00eb ajo jep n\u00eb nj\u00eb intervist\u00eb t\u00eb gjat\u00eb p\u00ebr <em>Vanity Fair France<\/em> \u00ebsht\u00eb m\u00eb e thjesht\u00eb se historit\u00eb q\u00eb jan\u00eb nd\u00ebrtuar rreth munges\u00ebs s\u00eb saj. Audrey Tautou nuk e ka l\u00ebn\u00eb kineman\u00eb! \u2018Nuk kam th\u00ebn\u00eb kurr\u00eb se po e lija dhe nuk do ta them kurr\u00eb, sepse nuk \u00ebsht\u00eb e v\u00ebrtet\u00eb. Njeriu nuk pushon kurr\u00eb s\u00eb qeni aktore\u2019, \u00ebsht\u00eb shprehur aktorja.<\/p>\n<p><img loading=\"lazy\" loading=\"lazy\" decoding=\"async\" class=\"alignnone size-large wp-image-3877\" src=\"https:\/\/thelb.al\/wp-content\/uploads\/2026\/08\/AMI-SS23-HERO-1-683x1024.jpg\" alt=\"\" width=\"683\" height=\"1024\" \/><\/p>\n<p>Tautou vazhdon t&#8217;i doj\u00eb xhirimet, atmosfer\u00ebn e nj\u00eb filmi dhe profesionin q\u00eb e b\u00ebri t\u00eb njohur n\u00eb t\u00eb gjith\u00eb bot\u00ebn. Ajo q\u00eb ndryshoi ishte raporti i saj me gjith\u00e7ka q\u00eb erdhi bashk\u00eb me suksesin.<\/p>\n<p>Gjith\u00e7ka nisi me \u2018<em>Le Fabuleux Destin d\u2019Am\u00e9lie Poulain\u2019<\/em>. N\u00eb vitin 2001, filmi i Jean-Pierre Jeunet e shnd\u00ebrroi aktoren 25-vje\u00e7are n\u00eb nj\u00eb nga fytyrat m\u00eb t\u00eb njohura t\u00eb kinemas\u00eb franceze. Historia e kamarieres s\u00eb re parisiene, q\u00eb nd\u00ebrhyn fshehurazi n\u00eb jet\u00ebn e njer\u00ebzve p\u00ebrreth saj p\u00ebr t&#8217;i b\u00ebr\u00eb ata m\u00eb t\u00eb lumtur, udh\u00ebtoi shum\u00eb p\u00ebrtej Franc\u00ebs. Sipas Jeunet, filmi arriti rreth 33 milion\u00eb bileta t\u00eb shitura n\u00eb Franc\u00eb dhe jasht\u00eb saj<\/p>\n<p><img loading=\"lazy\" loading=\"lazy\" decoding=\"async\" class=\"alignnone size-large wp-image-3871\" src=\"https:\/\/thelb.al\/wp-content\/uploads\/2026\/08\/SnapInsta.to_768619579_18643938310032594_8165138343372286191_n-819x1024.jpg\" alt=\"\" width=\"819\" height=\"1024\" \/><\/p>\n<p>Pas <em>Am\u00e9lie<\/em>, Hollywood-i ishte pothuajse nj\u00eb vazhdim i natyrsh\u00ebm. Ajo luajti n\u00eb \u2018<em>Dirty Pretty Things\u2019<\/em> t\u00eb Stephen Frears dhe m\u00eb pas p\u00ebrkrah Tom Hanks n\u00eb suksesin bot\u00ebror <em>The Da Vinci Code<\/em>. N\u00eb Franc\u00eb punoi me regjisor\u00eb si C\u00e9dric Klapisch, Alain Resnais dhe Claude Miller, nd\u00ebrsa n\u00eb vitin 2009 mori p\u00ebrsip\u00ebr nj\u00eb nga figurat m\u00eb t\u00eb njohura t\u00eb mod\u00ebs franceze, Coco Chanel, n\u00eb \u2018<em>Coco avant Chanel<\/em>.\u2019<\/p>\n<p>Por nd\u00ebrsa karriera rritej, Tautou kuptonte gjithnj\u00eb e m\u00eb qart\u00eb se fama nuk ishte pjesa e profesionit q\u00eb kishte parashikuar apo patur t\u00eb qart\u00eb me gjith\u00e7ka q\u00eb ajo sjell.<\/p>\n<p>Aktorja e p\u00ebrshkruan suksesin e <em>Am\u00e9lie<\/em> si di\u00e7ka q\u00eb i ra mbi kok\u00eb papritur, brenda nj\u00eb kohe shum\u00eb t\u00eb shkurt\u00ebr ishte b\u00ebr\u00eb e njohur pothuajse kudo. P\u00ebr nj\u00eb njeri q\u00eb thot\u00eb se ka nevoj\u00eb p\u00ebr \u2018nj\u00eb liri t\u00eb jasht\u00ebzakonshme\u2019, humbja e anonimitetit ndryshoi m\u00ebnyr\u00ebn si mund t\u00eb udh\u00ebtonte, t\u00eb ecte n\u00eb rrug\u00eb apo thjesht t\u00eb jetonte. P\u00ebr nj\u00eb periudh\u00eb p\u00ebrpiqej t\u00eb kalonte pa u njohur me kapele, syze dhe veshje t\u00eb gjera.<\/p>\n<p>Megjithat\u00eb, nuk pati nj\u00eb moment dramatik ndarjeje me kineman\u00eb. P\u00ebrkundrazi, regjisor\u00ebt vazhdonin ta k\u00ebrkonin. Ishte ajo q\u00eb filloi t\u00eb refuzonte gjithnj\u00eb e m\u00eb shum\u00eb role.<\/p>\n<p><img loading=\"lazy\" loading=\"lazy\" decoding=\"async\" class=\"alignnone size-large wp-image-3872\" src=\"https:\/\/thelb.al\/wp-content\/uploads\/2026\/08\/SnapInsta.to_768452620_18643938292032594_7234884066237414893_n-1-819x1024.jpg\" alt=\"\" width=\"819\" height=\"1024\" \/><\/p>\n<p>Tautou nuk dukej e shqet\u00ebsuar nga ideja se mund t\u00eb harrohej. Filloi t&#8217;i zgjidhte filmat jo sipas asaj q\u00eb mund t\u00eb b\u00ebnin p\u00ebr karrier\u00ebn e saj, por sipas regjisorit, p\u00ebrvoj\u00ebs apo aventur\u00ebs q\u00eb i ofronin. Dhe n\u00eb vitin 2019 vendosi t\u00eb ndalonte p\u00ebr nj\u00eb koh\u00eb. \u2018Nuk ika nga asgj\u00eb. Vendosa t\u00eb hap nj\u00eb parantez\u00eb n\u00eb at\u00eb jet\u00eb, q\u00eb t\u00eb mund t\u00eb b\u00ebja gj\u00ebra t\u00eb tjera\u2019, ka shpjeguar ajo.<\/p>\n<p>Fotografia \u00ebsht\u00eb nj\u00eb prej tyre. N\u00eb vitin 2017, Tautou prezantoi n\u00eb Rencontres d\u2019Arles nj\u00eb ekspozit\u00eb me autoportrte dhe fotografi t\u00eb realizuara prej saj nd\u00ebr vite. Ka shkruar gjithashtu nj\u00eb histori p\u00ebr f\u00ebmij\u00eb q\u00eb po e ilustron vet\u00eb, po punon mbi nj\u00eb skenar dhe d\u00ebshiron t\u00eb realizoj\u00eb nj\u00eb lib\u00ebr fotografik.<\/p>\n<p>N\u00eb k\u00ebt\u00eb kuptim, edhe dalja e saj e fundit p\u00ebr AMI duket m\u00eb pak e pazakont\u00eb. Kur stilisti Alexandre Mattiussi i propozoi t\u00eb hapte sfilat\u00ebn n\u00eb Montmartre, reagimi i par\u00eb i Tautou ishte ta refuzonte. M\u00eb pas e t\u00ebrhoqi pik\u00ebrisht ajo q\u00eb duket se e udh\u00ebheq prej vitesh, kurioziteti p\u00ebr nj\u00eb eksperienc\u00eb t\u00eb re. Donte t\u00eb shihte si nd\u00ebrtohej nj\u00eb sfilat\u00eb nga brenda, t\u00eb njihte prapasken\u00ebn dhe njer\u00ebzit q\u00eb punojn\u00eb p\u00ebr t\u00eb.<\/p>\n<p><img loading=\"lazy\" loading=\"lazy\" decoding=\"async\" class=\"alignnone size-large wp-image-3873\" src=\"https:\/\/thelb.al\/wp-content\/uploads\/2026\/08\/061101_photographer_ralph_wenig_audrey_tautou_14-751x1024.jpg\" alt=\"\" width=\"751\" height=\"1024\" \/><\/p>\n<p>Kinemaja, nd\u00ebrkoh\u00eb, nuk \u00ebsht\u00eb nj\u00eb kapitull i mbyllur. Tautou \u00ebsht\u00eb e bindur se do t\u00eb xhiroj\u00eb p\u00ebrs\u00ebri. \u2018Mund t\u00eb jet\u00eb s\u00eb shpejti ose pas disa vitesh, nuk e di\u2019 deklaron ajo. Madje nuk p\u00ebrjashton q\u00eb nj\u00eb dit\u00eb t\u00eb kaloj\u00eb edhe pas kamer\u00ebs.<\/p>\n<p>Historia e Audrey Tautou \u00ebsht\u00eb interesante sepse n\u00eb kulmin e nj\u00eb karriere q\u00eb mund ta kishte mbajtur vazhdimisht n\u00eb ekran, ajo zgjodhi t\u00eb mos e nd\u00ebrtonte jet\u00ebn sipas ritmit q\u00eb fama k\u00ebrkonte prej saj. Nuk u p\u00ebrpoq t\u00eb zhdukte Am\u00e9lie-n dhe as t\u00eb gjente me \u00e7do kusht personazhin q\u00eb do ta b\u00ebnte publikun ta harronte.<\/p>\n<p>Kur <em>Vanity Fair<\/em> e pyet p\u00ebr paradoksin e nj\u00eb aktoreje q\u00eb largohet nga v\u00ebmendja n\u00eb nj\u00eb koh\u00eb kur kaq shum\u00eb njer\u00ebz k\u00ebrkojn\u00eb pik\u00ebrisht at\u00eb, ajo p\u00ebrgjigjet me humor: <em>\u2018Por un\u00eb jam nj\u00eb yll! Mbetem nj\u00eb yll! Kudo n\u00eb bot\u00eb m\u00eb njohin.\u2019<\/em><\/p>\n<p>Sot, Audrey Tautou nuk flet p\u00ebr nj\u00eb rikthim t\u00eb madh dhe as nuk vendos nj\u00eb dat\u00eb p\u00ebr filmin e ardhsh\u00ebm. Thot\u00eb vet\u00ebm se do t\u00eb kthehet, sepse kineman\u00eb vazhdon ta doj\u00eb. Deri at\u00ebher\u00eb, shkruan, vizaton, fotografon dhe zgjedh vet\u00eb kur dhe si t\u00eb shfaqet s\u00ebrish. Me sa duket, ajo nuk kishte nevoj\u00eb t\u00eb pushoj\u00eb s\u00eb qeni aktore; kishte nevoj\u00eb q\u00eb aktrimi t\u00eb mos ishte e vetmja m\u00ebnyr\u00eb p\u00ebr t\u00eb jetuar jet\u00ebn.<\/p>\n<p><strong>&#8211; THELB,<\/strong><\/p>\n","protected":false},"excerpt":{"rendered":"<p>P\u00ebr shum\u00eb njer\u00ebz, Audrey Tautou mbetet ende Am\u00e9lie Poulain, vajza me flok\u00ebt e shkurt\u00ebr t\u00eb zinj dhe v\u00ebshtrimin e madh kureshtar q\u00eb, n\u00eb vitin 2001, e ktheu nj\u00eb film francez n\u00eb nj\u00eb fenomen bot\u00ebror. P\u00ebr t\u00eb tjer\u00eb \u00ebsht\u00eb Sophie Neveu e The Da Vinci Code, p\u00ebrkrah Tom Hanks, apo Coco Chanel e Coco Before Chanel, [&hellip;]<\/p>\n","protected":false},"author":2,"featured_media":3869,"comment_status":"open","ping_status":"open","sticky":false,"template":"","format":"standard","meta":{"footnotes":""},"categories":[59,52],"tags":[],"tmauthors":[64],"class_list":["post-3868","post","type-post","status-publish","format-standard","has-post-thumbnail","category-kryesore","category-tv-filma"],"_links":{"self":[{"href":"https:\/\/thelb.al\/index.php?rest_route=\/wp\/v2\/posts\/3868","targetHints":{"allow":["GET"]}}],"collection":[{"href":"https:\/\/thelb.al\/index.php?rest_route=\/wp\/v2\/posts"}],"about":[{"href":"https:\/\/thelb.al\/index.php?rest_route=\/wp\/v2\/types\/post"}],"author":[{"embeddable":true,"href":"https:\/\/thelb.al\/index.php?rest_route=\/wp\/v2\/users\/2"}],"replies":[{"embeddable":true,"href":"https:\/\/thelb.al\/index.php?rest_route=%2Fwp%2Fv2%2Fcomments&post=3868"}],"version-history":[{"count":1,"href":"https:\/\/thelb.al\/index.php?rest_route=\/wp\/v2\/posts\/3868\/revisions"}],"predecessor-version":[{"id":3878,"href":"https:\/\/thelb.al\/index.php?rest_route=\/wp\/v2\/posts\/3868\/revisions\/3878"}],"wp:featuredmedia":[{"embeddable":true,"href":"https:\/\/thelb.al\/index.php?rest_route=\/wp\/v2\/media\/3869"}],"wp:attachment":[{"href":"https:\/\/thelb.al\/index.php?rest_route=%2Fwp%2Fv2%2Fmedia&parent=3868"}],"wp:term":[{"taxonomy":"category","embeddable":true,"href":"https:\/\/thelb.al\/index.php?rest_route=%2Fwp%2Fv2%2Fcategories&post=3868"},{"taxonomy":"post_tag","embeddable":true,"href":"https:\/\/thelb.al\/index.php?rest_route=%2Fwp%2Fv2%2Ftags&post=3868"},{"taxonomy":"tmauthors","embeddable":true,"href":"https:\/\/thelb.al\/index.php?rest_route=%2Fwp%2Fv2%2Ftmauthors&post=3868"}],"curies":[{"name":"wp","href":"https:\/\/api.w.org\/{rel}","templated":true}]}}