{"id":3879,"date":"2026-08-10T16:08:08","date_gmt":"2026-08-10T16:08:08","guid":{"rendered":"https:\/\/thelb.al\/?p=3879"},"modified":"2026-08-10T16:08:08","modified_gmt":"2026-08-10T16:08:08","slug":"kronikat-e-nje-vere-mesdhetare-arti-i-lekures-se-mbrojtur-dhe-me-shkelqim","status":"publish","type":"post","link":"https:\/\/thelb.al\/?p=3879","title":{"rendered":"Kronikat e nj\u00eb vere mesdhetare, arti i l\u00ebkur\u00ebs s\u00eb mbrojtur dhe me shk\u00eblqim"},"content":{"rendered":"<p>Ekziston nj\u00eb ndjesi specifike q\u00eb vet\u00ebm vera mesdhetare mund ta fal\u00eb. \u00cbsht\u00eb zhurma e val\u00ebve q\u00eb thyhen pas shk\u00ebmbinjve t\u00eb nxehur nga dielli, aroma e pishave q\u00eb p\u00ebrzihet me krip\u00ebn e detit dhe ajo drit\u00eb e art\u00eb e pasdites q\u00eb e kthen \u00e7do pamje n\u00eb nj\u00eb kartolin\u00eb nostalgjike t\u00eb viteve \u201970.<\/p>\n<p>Por p\u00ebrtej estetik\u00ebs s\u00eb pushimeve verore, nga e gjith\u00eb Riviera Shqiptare te gjiret e fshehura t\u00eb jugut, mbetet nj\u00eb pyetje q\u00eb rikthehet \u00e7do ver\u00eb:<\/p>\n<p>Si ruhet shk\u00eblqimi natyral dhe i sh\u00ebndetsh\u00ebm i l\u00ebkur\u00ebs pa e d\u00ebmtuar at\u00eb?<\/p>\n<p>N\u00eb qasjen moderne ndaj bukuris\u00eb, vera k\u00ebrkon m\u00eb pak shtresa dhe formula m\u00eb t\u00eb lehta. Makeup-i i r\u00ebnd\u00eb ia l\u00eb vendin nj\u00eb l\u00ebkure t\u00eb past\u00ebr dhe t\u00eb hidratuar mir\u00eb, ku kujdesi b\u00ebhet po aq i r\u00ebnd\u00ebsish\u00ebm sa rezultati q\u00eb shohim n\u00eb pasqyr\u00eb.<\/p>\n<p><img loading=\"lazy\" loading=\"lazy\" decoding=\"async\" class=\"alignnone size-large wp-image-3886\" src=\"https:\/\/thelb.al\/wp-content\/uploads\/2026\/08\/lucia-garcia-blaya-3Vwy73Xv7ZY-unsplash-683x1024.jpg\" alt=\"\" width=\"683\" height=\"1024\" \/><\/p>\n<p>Megjithat\u00eb, p\u00ebr nj\u00eb koh\u00eb t\u00eb gjat\u00eb, kremrat mbrojt\u00ebs kan\u00eb qen\u00eb nj\u00eb nga kompromiset e \u00e7ant\u00ebs s\u00eb plazhit. Formulat minerale, n\u00eb ve\u00e7anti, jan\u00eb shoq\u00ebruar shpesh me tekstura t\u00eb r\u00ebnda dhe gjurm\u00ebn e bardh\u00eb q\u00eb mbetet mbi l\u00ebkur\u00eb. Sot, nj\u00eb gjenerat\u00eb e re produktesh SPF po p\u00ebrpiqet t\u00eb ndryshoj\u00eb pik\u00ebrisht k\u00ebt\u00eb raport mes mbrojtjes dhe m\u00ebnyr\u00ebs si produkti ndihet dhe duket mbi l\u00ebkur\u00eb.<\/p>\n<p><strong>Kur dielli b\u00ebhet pjes\u00eb e dit\u00ebs<\/strong><\/p>\n<p>Pas ritualeve t\u00eb m\u00ebngjesit vjen zbritja drejt bregut. \u00cbsht\u00eb ajo pjes\u00eb e dit\u00ebs kur dielli fillon t\u00eb ngroh\u00eb v\u00ebrtet, drita b\u00ebhet m\u00eb e fort\u00eb dhe reflekton mbi sip\u00ebrfaqen e kalt\u00ebr t\u00eb ujit, koha e ecjeve t\u00eb gjata buz\u00eb detit, zhytjeve t\u00eb para dhe bisedave pa nxitim n\u00eb breg. Por nd\u00ebrsa paraditja p\u00ebrparon, rritet edhe intensiteti i diellit dhe bashk\u00eb me t\u00eb, nevoja p\u00ebr t\u00eb mbrojtur l\u00ebkur\u00ebn.<\/p>\n<p><img loading=\"lazy\" loading=\"lazy\" decoding=\"async\" class=\"alignnone size-large wp-image-3887\" src=\"https:\/\/thelb.al\/wp-content\/uploads\/2026\/08\/elise-wilcox-WN7elxZN_To-unsplash-683x1024.jpg\" alt=\"\" width=\"683\" height=\"1024\" \/><\/p>\n<p>Qasja e m\u00ebparshme ndaj kremrave mbrojt\u00ebs na kujtonte shpesh ndjesin\u00eb e r\u00ebnd\u00eb t\u00eb formulave q\u00eb mezi p\u00ebrtheheshin\u00a0 nga l\u00ebkura n\u00ebn nxeht\u00ebsi. Sot, ky ekspozim duket t\u00eb jet\u00eb t\u00ebr\u00ebsisht i lir\u00eb dhe i paduksh\u00ebm. \u00c7el\u00ebsi i asaj l\u00ebkure q\u00eb duket e mrekullueshme edhe n\u00eb fotot spontane t\u00eb paradites q\u00ebndron te p\u00ebrzgjedhja e nj\u00eb mbrojtjeje q\u00eb p\u00ebrthithet n\u00eb sekonda. Kur formula sillet si nj\u00eb vello e leht\u00eb hidratuese, l\u00ebkura jo vet\u00ebm q\u00eb mbrohet nga rrezet e forta q\u00eb nisin n\u00eb k\u00ebto or\u00eb, por fiton at\u00eb shk\u00eblqimin natyral dhe t\u00eb sh\u00ebndetsh\u00ebm q\u00eb reflekton drit\u00ebn e ver\u00ebs pa asnj\u00eb sforco.<\/p>\n<p>Kjo \u00ebsht\u00eb edhe arsyeja pse vitet e fundit SPF po afrohet gjithnj\u00eb e m\u00eb shum\u00eb me bot\u00ebn e <em>skincare<\/em>. Formulat e reja kombinojn\u00eb filtrat mbrojt\u00ebs me p\u00ebrb\u00ebr\u00ebs q\u00eb zakonisht i k\u00ebrkojm\u00eb te produktet e kujdesit t\u00eb p\u00ebrditsh\u00ebm, nga acidi hialuronik te vajrat dhe ekstraktet bimore.<\/p>\n<p><img loading=\"lazy\" loading=\"lazy\" decoding=\"async\" class=\"alignnone size-large wp-image-3882\" src=\"https:\/\/thelb.al\/wp-content\/uploads\/2026\/08\/content-pixie-VIh-B-bNZMc-unsplash-1024x683.jpg\" alt=\"\" width=\"1024\" height=\"683\" \/><\/p>\n<p>Ideja \u00ebsht\u00eb e thjesht\u00eb, nj\u00eb produkt q\u00eb jo vet\u00ebm mbron l\u00ebkur\u00ebn, por ndihet leht\u00eb mbi t\u00eb, ndihmon n\u00eb ruajtjen e hidratimit dhe mund t\u00eb funksionoj\u00eb natyrsh\u00ebm edhe n\u00ebn makeup.<\/p>\n<p>Kur dita fillon t\u00eb zbehet dhe muzika e qet\u00eb e mbr\u00ebmjes nis n\u00eb sfond, l\u00ebkura juaj duhet t\u00eb tregoj\u00eb vet\u00ebm historin\u00eb e nj\u00eb dite t\u00eb kaluar bukur sepse sekreti i v\u00ebrtet\u00eb i bukuris\u00eb nuk \u00ebsht\u00eb thjesht nxirja e p\u00ebrkohshme e l\u00ebkur\u00ebs. Mbrojtja, hidratimi dhe m\u00ebnyra si kujdesemi p\u00ebr t\u00eb \u00e7do dit\u00eb jan\u00eb ato q\u00eb p\u00ebrcaktojn\u00eb se si do t\u00eb duket edhe pasi vera t\u00eb ket\u00eb kaluar.<\/p>\n<p><strong>Zbulimi i sezonit<\/strong><\/p>\n<p>Mes markave q\u00eb e kan\u00eb nd\u00ebrtuar identitetin pik\u00ebrisht mbi k\u00ebt\u00eb m\u00ebnyr\u00eb t\u00eb re t\u00eb t\u00eb menduarit p\u00ebr mbrojtjen nga dielli \u00ebsht\u00eb <strong>Le Rub<\/strong>. Me nj\u00eb estetik\u00eb t\u00eb frym\u00ebzuar nga vera mesdhetare dhe produkte t\u00eb prodhuara n\u00eb Itali, marka e trajton SPF-n\u00eb si pjes\u00eb t\u00eb rutin\u00ebs s\u00eb kujdesit p\u00ebr l\u00ebkur\u00ebn, jo thjesht si kremin q\u00eb p\u00ebrdorim n\u00eb plazh.<\/p>\n<p><img loading=\"lazy\" loading=\"lazy\" decoding=\"async\" class=\"alignnone size-large wp-image-3884\" src=\"https:\/\/thelb.al\/wp-content\/uploads\/2026\/08\/SnapInsta.to_764364204_18115594595492538_8734918158767745499_n-768x1024.jpg\" alt=\"\" width=\"768\" height=\"1024\" \/><\/p>\n<p><em>Everyday Sunscreen SPF50<\/em>, nj\u00eb nga produktet kryesore t\u00eb saj, ka formul\u00eb 100% minerale me oksid zinku jo-nano dhe p\u00ebrmban acid hialuronik, vaj bajameje t\u00eb \u00ebmb\u00ebl dhe ekstrakt t\u00eb fermentuar rrushi. Formula \u00ebsht\u00eb krijuar p\u00ebr t\u00eb kombinuar mbrojtjen nga dielli me hidratimin dhe nj\u00eb p\u00ebrfundim t\u00eb leht\u00eb mbi l\u00ebkur\u00eb.<\/p>\n<p>Le Rub e shoq\u00ebron k\u00ebt\u00eb filozofi edhe me nj\u00eb identitet vizual minimalist dhe paketim prej alumini t\u00eb ricikluesh\u00ebm, duke e vendosur mbrojtjen nga dielli brenda nj\u00eb koncepti m\u00eb t\u00eb gjer\u00eb t\u00eb kujdesit t\u00eb p\u00ebrditsh\u00ebm.<\/p>\n<p><img loading=\"lazy\" loading=\"lazy\" decoding=\"async\" class=\"alignnone size-large wp-image-3885\" src=\"https:\/\/thelb.al\/wp-content\/uploads\/2026\/08\/SnapInsta.to_765007481_18115594658492538_6361217202878460489_n-768x1024.jpg\" alt=\"\" width=\"768\" height=\"1024\" \/><\/p>\n<p>Linja e plot\u00eb mund t\u00eb gjendet n\u00eb <a href=\"https:\/\/lerub.com\/?utm_source=chatgpt.com\">Le Rub<\/a>, nd\u00ebrsa n\u00eb Tiran\u00eb \u00ebsht\u00eb e disponueshme te Europrofumerie.<\/p>\n<p><strong>&#8211; THELB,<\/strong><\/p>\n","protected":false},"excerpt":{"rendered":"<p>Ekziston nj\u00eb ndjesi specifike q\u00eb vet\u00ebm vera mesdhetare mund ta fal\u00eb. \u00cbsht\u00eb zhurma e val\u00ebve q\u00eb thyhen pas shk\u00ebmbinjve t\u00eb nxehur nga dielli, aroma e pishave q\u00eb p\u00ebrzihet me krip\u00ebn e detit dhe ajo drit\u00eb e art\u00eb e pasdites q\u00eb e kthen \u00e7do pamje n\u00eb nj\u00eb kartolin\u00eb nostalgjike t\u00eb viteve \u201970. Por p\u00ebrtej estetik\u00ebs s\u00eb [&hellip;]<\/p>\n","protected":false},"author":2,"featured_media":3888,"comment_status":"open","ping_status":"open","sticky":false,"template":"","format":"standard","meta":{"footnotes":""},"categories":[43,45],"tags":[],"tmauthors":[64],"class_list":["post-3879","post","type-post","status-publish","format-standard","has-post-thumbnail","category-estetike-rituale","category-lekura"],"_links":{"self":[{"href":"https:\/\/thelb.al\/index.php?rest_route=\/wp\/v2\/posts\/3879","targetHints":{"allow":["GET"]}}],"collection":[{"href":"https:\/\/thelb.al\/index.php?rest_route=\/wp\/v2\/posts"}],"about":[{"href":"https:\/\/thelb.al\/index.php?rest_route=\/wp\/v2\/types\/post"}],"author":[{"embeddable":true,"href":"https:\/\/thelb.al\/index.php?rest_route=\/wp\/v2\/users\/2"}],"replies":[{"embeddable":true,"href":"https:\/\/thelb.al\/index.php?rest_route=%2Fwp%2Fv2%2Fcomments&post=3879"}],"version-history":[{"count":1,"href":"https:\/\/thelb.al\/index.php?rest_route=\/wp\/v2\/posts\/3879\/revisions"}],"predecessor-version":[{"id":3889,"href":"https:\/\/thelb.al\/index.php?rest_route=\/wp\/v2\/posts\/3879\/revisions\/3889"}],"wp:featuredmedia":[{"embeddable":true,"href":"https:\/\/thelb.al\/index.php?rest_route=\/wp\/v2\/media\/3888"}],"wp:attachment":[{"href":"https:\/\/thelb.al\/index.php?rest_route=%2Fwp%2Fv2%2Fmedia&parent=3879"}],"wp:term":[{"taxonomy":"category","embeddable":true,"href":"https:\/\/thelb.al\/index.php?rest_route=%2Fwp%2Fv2%2Fcategories&post=3879"},{"taxonomy":"post_tag","embeddable":true,"href":"https:\/\/thelb.al\/index.php?rest_route=%2Fwp%2Fv2%2Ftags&post=3879"},{"taxonomy":"tmauthors","embeddable":true,"href":"https:\/\/thelb.al\/index.php?rest_route=%2Fwp%2Fv2%2Ftmauthors&post=3879"}],"curies":[{"name":"wp","href":"https:\/\/api.w.org\/{rel}","templated":true}]}}