{"id":3900,"date":"2026-08-18T07:15:41","date_gmt":"2026-08-18T07:15:41","guid":{"rendered":"https:\/\/thelb.al\/?p=3900"},"modified":"2026-08-18T07:34:48","modified_gmt":"2026-08-18T07:34:48","slug":"cristiano-ronaldo-dhe-georgina-rodriguez-dhjete-vjet-me-vone-dhe-nje-dasme-ne-shtepi","status":"publish","type":"post","link":"https:\/\/thelb.al\/?p=3900","title":{"rendered":"Cristiano Ronaldo dhe Georgina Rodr\u00edguez, dhjet\u00eb vjet m\u00eb von\u00eb dhe nj\u00eb dasm\u00eb n\u00eb sht\u00ebpi"},"content":{"rendered":"<p>Mund t\u00eb kishin zgjedhur nj\u00eb pallat, nj\u00eb ishull privat apo nj\u00eb prej atyre destinacioneve ku dasmat kthehen n\u00eb ngjarje q\u00eb ndiqen nga e gjith\u00eb bota. N\u00eb vend t\u00eb k\u00ebsaj, Cristiano Ronaldo dhe Georgina Rodr\u00edguez zgjodh\u00ebn dhom\u00ebn e ndenjjes s\u00eb sht\u00ebpis\u00eb s\u00eb tyre n\u00eb Cascais, Portugali.<\/p>\n<p>Aty ku han\u00eb m\u00ebngjesin, ku mblidhen p\u00ebr drek\u00eb e dark\u00eb dhe ku zhvillohet pjesa m\u00eb e zakonshme e jet\u00ebs s\u00eb tyre familjare, m\u00eb 11 gusht ata shk\u00ebmbyen betimet e martes\u00ebs, vet\u00ebm me f\u00ebmij\u00ebt pran\u00eb.<\/p>\n<p>Pes\u00eb dit\u00eb p\u00ebrpara ceremonis\u00eb, \u00e7ifti foli nga e nj\u00ebjta sht\u00ebpi n\u00eb nj\u00eb intervist\u00eb ekskluzive p\u00ebr <em>Vogue<\/em>. Prej jav\u00ebsh n\u00eb internet qarkullonin data t\u00eb ndryshme, skenar\u00eb p\u00ebr nj\u00eb dasm\u00eb madh\u00ebshtore dhe lista t\u00eb mundshme t\u00eb t\u00eb ftuarve t\u00eb famsh\u00ebm. E v\u00ebrteta ishte shum\u00eb m\u00eb e thjesht\u00eb.<\/p>\n<p>Georgina kishte dashur q\u00eb 11 gushti t\u00eb mos kalonte si nj\u00eb dit\u00eb e zakonshme. Ishin b\u00ebr\u00eb pik\u00ebrisht dhjet\u00eb vjet nga takimi q\u00eb kishte ndryshuar jet\u00ebn e t\u00eb dyve.<\/p>\n<p>N\u00eb gushtin e vitit 2016, Cristiano Ronaldo ishte 31 vje\u00e7 dhe nj\u00eb prej futbollist\u00ebve m\u00eb t\u00eb famsh\u00ebm n\u00eb bot\u00eb. Nj\u00eb dit\u00eb hyri s\u00eb bashku me Cristiano Jr. n\u00eb dyqanin Gucci n\u00eb Calle Serrano t\u00eb Madridit. Georgina ishte 22 vje\u00e7, sapo ishte kthyer n\u00eb Spanj\u00eb pas nj\u00eb periudhe n\u00eb Angli dhe punonte si asistente shitjesh. At\u00eb dit\u00eb, n\u00eb fakt, nuk duhej t\u00eb ishte fare n\u00eb pun\u00eb. Kishte shkuar p\u00ebr t\u00eb z\u00ebvend\u00ebsuar nj\u00eb kolege.<\/p>\n<p>Ronaldo kujton se n\u00eb momentin e par\u00eb ishte me shpin\u00eb nga Georgina. Kur u kthye dhe e pa, v\u00ebshtrimet e tyre u kryq\u00ebzuan. P\u00ebr t\u00eb dy, ai takim i rast\u00ebsish\u00ebm do t\u00eb b\u00ebhej fillimi i historis\u00eb s\u00eb tyre. Georgina, sot, e quan thjesht &#8216;fat&#8217;.<\/p>\n<p>Dhjet\u00eb vjet m\u00eb von\u00eb, vendi ku u takuan p\u00ebr her\u00eb t\u00eb par\u00eb do t\u00eb gjente, n\u00eb nj\u00eb m\u00ebnyr\u00eb krejt t\u00eb natyrshme, vend edhe n\u00eb dit\u00ebn e martes\u00ebs s\u00eb tyre. Cristiano dhe Georgina zgjodh\u00ebn Gucci-n p\u00ebr t\u00eb veshur familjen n\u00eb ceremonin\u00eb e 11 gushtit.<\/p>\n<p>Georgina veshi nj\u00eb kostum me fund prej m\u00ebndafshi t\u00eb bardh\u00eb dhe k\u00ebpuc\u00eb sateni me detajin karakteristik <em>Horsebit<\/em>, nd\u00ebrsa Cristiano nj\u00eb kostum t\u00eb personalizuar n\u00eb bezh\u00eb t\u00eb \u00e7el\u00ebt. Edhe veshjet e f\u00ebmij\u00ebve u realizuan nga sht\u00ebpia italiane.<\/p>\n<p>P\u00ebr Demna-n, drejtorin artistik t\u00eb Gucci-t, kishte di\u00e7ka romantike n\u00eb k\u00ebt\u00eb rikthim te fillimi: historia e tyre kishte nisur n\u00eb nj\u00eb dyqan Gucci n\u00eb Madrid dhe, nj\u00eb dekad\u00eb m\u00eb von\u00eb, marka po i shoq\u00ebronte n\u00eb dit\u00ebn e martes\u00ebs. Ai e p\u00ebrshkroi p\u00ebr <em>Vogue<\/em> si mbylljen e bukur t\u00eb nj\u00eb rrethi, pothuajse si nj\u00eb p\u00ebrrall\u00eb moderne.<\/p>\n<p>Georgina nuk d\u00ebshironte q\u00eb veshjet ta transformonin dit\u00ebn n\u00eb spektak\u00ebl. N\u00eb intervist\u00ebn p\u00ebr <em>Vogue<\/em>, ajo kujton se si, kur ishte e vog\u00ebl, e imagjinonte dasm\u00ebn me k\u00ebshtjell\u00ebn m\u00eb t\u00eb madhe, karroc\u00ebn m\u00eb t\u00eb madhe, fustanin m\u00eb t\u00eb gjat\u00eb dhe nj\u00eb kuror\u00eb plot diamante. Sot, jeta i ka vendosur pothuajse t\u00eb gjitha k\u00ebto brenda mund\u00ebsive t\u00eb saj. Dhe pik\u00ebrisht p\u00ebr k\u00ebt\u00eb arsye d\u00ebshironte di\u00e7ka tjet\u00ebr.<\/p>\n<p>&#8216;Dua di\u00e7ka intime, me partnerin dhe f\u00ebmij\u00ebt tan\u00eb, n\u00eb sht\u00ebpi&#8217;, i tha ajo revist\u00ebs.<\/p>\n<p>Zgjedhja e dhom\u00ebs s\u00eb ndenjjes kishte edhe nj\u00eb arsye tjet\u00ebr. Georgina d\u00ebshiron q\u00eb, pas 30 vjet\u00ebsh, f\u00ebmij\u00ebt t\u00eb mund t\u00eb shohin t\u00eb nj\u00ebjt\u00ebn hap\u00ebsir\u00eb dhe t\u00eb kujtojn\u00eb se aty prind\u00ebrit e tyre shk\u00ebmbyen betimet e martes\u00ebs.<\/p>\n<p>Cristiano, me humor, i kujtoi se deri at\u00ebher\u00eb mund ta ken\u00eb ndryshuar tavolin\u00ebn apo arredimin. Georgina, e cila ruan ende p\u00ebr arsye sentimentale edhe nj\u00eb pist\u00eb vrapimi 15-vje\u00e7are ku Ronaldo st\u00ebrvitej kur ata u njoh\u00ebn, nuk dukej shum\u00eb e bindur nga ideja.<\/p>\n<p>Pas nj\u00eb dekade t\u00eb jetuar mes stadiumeve, kamerave, udh\u00ebtimeve, sht\u00ebpive dhe nj\u00eb ekspozimi pothuajse t\u00eb pand\u00ebrprer\u00eb, \u00e7ifti ka zgjedhur q\u00eb dita e tyre m\u00eb e r\u00ebnd\u00ebsishme t\u00eb ishte familjare dhe jo nj\u00eb tjet\u00ebr shfaqje e jet\u00ebs s\u00eb tyre publike.<\/p>\n<p>F\u00ebmij\u00ebt, thot\u00eb Georgina, ishin protagonist\u00ebt e ceremonis\u00eb, ashtu si\u00e7 jan\u00eb n\u00eb dit\u00ebt e tyre t\u00eb zakonshme. Familja q\u00eb kan\u00eb nd\u00ebrtuar s\u00eb bashku ka kaluar edhe nj\u00eb prej humbjeve m\u00eb t\u00eb dhimbshme t\u00eb jet\u00ebs s\u00eb tyre: n\u00eb vitin 2022, kur prisnin binjak\u00ebt Bella dhe \u00c1ngel, vet\u00ebm Bella mbijetoi. Sot, Cristiano Jr., Eva, Mateo, Alana dhe Bella jan\u00eb n\u00eb qend\u00ebr t\u00eb jet\u00ebs q\u00eb \u00e7ifti p\u00ebrshkruan.<\/p>\n<p>Intimiteti i ceremonis\u00eb, megjithat\u00eb, nuk p\u00ebrjashtoi disa detaje t\u00eb jasht\u00ebzakonshme. Krahas unaz\u00ebs s\u00eb saj t\u00eb fejes\u00ebs me diamantin oval, Georgina zgjodhi nj\u00eb var\u00ebse Chopard <em>Garden of Kalahari<\/em>, me nj\u00eb diamant 50 karat\u00ebsh n\u00eb qend\u00ebr. Nd\u00ebrsa p\u00ebr t\u00eb ruajtur kujtimin e dit\u00ebs nuk k\u00ebrkoi nj\u00eb fotograf tradicional dasmash, por Juergen Teller.<\/p>\n<p>Arsyeja ishte e thjesht\u00eb: nuk donte nj\u00eb album familjar konvencional. Donte fotografi q\u00eb t\u00eb mund t\u00eb mbeteshin si imazhe artistike edhe shum\u00eb vite m\u00eb von\u00eb.<\/p>\n<p>Pas betimeve, familja u nis drejt F\u00e1tim\u00ebs. N\u00eb nj\u00eb prej vendeve m\u00eb t\u00eb r\u00ebnd\u00ebsishme t\u00eb pelegrinazhit n\u00eb Portugali, nj\u00eb prift u dha bekimin dhe \u00e7ifti mori pjes\u00eb n\u00eb mesh\u00eb.<\/p>\n<p>Nuk pati muaj mjalti. T\u00eb nes\u00ebrmen duhej t\u00eb niseshin p\u00ebr n\u00eb Riad dhe Ronaldo kishte vet\u00ebm pak dit\u00eb p\u00ebrpara fillimit t\u00eb sezonit t\u00eb ri. Kur u pyet p\u00ebr k\u00ebt\u00eb, p\u00ebrgjigjja e tij ishte e thjesht\u00eb: &#8216;\u00c7do dit\u00eb \u00ebsht\u00eb muaj mjalti.&#8217;<\/p>\n<p>Por intervista e <em>Vogue<\/em> e gjen Ronaldon edhe n\u00eb nj\u00eb moment tjet\u00ebr t\u00eb r\u00ebnd\u00ebsish\u00ebm. Pas rreth 25 vitesh karrier\u00eb, ai flet hapur p\u00ebr mund\u00ebsin\u00eb q\u00eb ky t\u00eb jet\u00eb viti i tij i fundit n\u00eb futboll. Mendon p\u00ebr trash\u00ebgimin\u00eb q\u00eb d\u00ebshiron t\u00eb l\u00ebr\u00eb, por edhe p\u00ebr at\u00eb q\u00eb vjen m\u00eb pas: m\u00eb shum\u00eb koh\u00eb me familjen, m\u00eb shum\u00eb udh\u00ebtime dhe nj\u00eb jet\u00eb q\u00eb nuk p\u00ebrcaktohet m\u00eb vet\u00ebm nga kalendari i futbollit.<\/p>\n<p>Pes\u00eb dit\u00eb p\u00ebrpara ceremonis\u00eb, Ronaldo i tha <em>Vogue<\/em> se donte q\u00eb dasma t\u00eb ishte &#8216;nj\u00eb dit\u00eb normale&#8217;. Pastaj pa Georgin\u00ebn dhe korrigjoi veten: do t\u00eb ishte nj\u00eb dit\u00eb e ve\u00e7ant\u00eb, e kaluar n\u00eb nj\u00eb m\u00ebnyr\u00eb normale.<\/p>\n<p>Nj\u00eb dit\u00eb pas martes\u00ebs, ishte Georgina ajo q\u00eb i shkroi revist\u00ebs. Gjith\u00e7ka kishte qen\u00eb ashtu si\u00e7 e kishte imagjinuar: intime, plot dashuri, me familjen n\u00eb qend\u00ebr. N\u00eb F\u00e1tima, mes bashk\u00ebshortit, f\u00ebmij\u00ebve dhe besimit t\u00eb saj, kishte kuptuar se nuk i nevojitej asgj\u00eb tjet\u00ebr.<\/p>\n<p>&nbsp;<\/p>\n<p><strong><em>Bazuar n\u00eb intervist\u00ebn ekskluzive t\u00eb Cristiano Ronaldo dhe Georgina Rodr\u00edguez p\u00ebr Vogue.<\/em><\/strong><\/p>\n<p>&nbsp;<\/p>\n<p>&nbsp;<\/p>\n","protected":false},"excerpt":{"rendered":"<p>Mund t\u00eb kishin zgjedhur nj\u00eb pallat, nj\u00eb ishull privat apo nj\u00eb prej atyre destinacioneve ku dasmat kthehen n\u00eb ngjarje q\u00eb ndiqen nga e gjith\u00eb bota. N\u00eb vend t\u00eb k\u00ebsaj, Cristiano Ronaldo dhe Georgina Rodr\u00edguez zgjodh\u00ebn dhom\u00ebn e ndenjjes s\u00eb sht\u00ebpis\u00eb s\u00eb tyre n\u00eb Cascais, Portugali. Aty ku han\u00eb m\u00ebngjesin, ku mblidhen p\u00ebr drek\u00eb e dark\u00eb [&hellip;]<\/p>\n","protected":false},"author":2,"featured_media":3904,"comment_status":"open","ping_status":"open","sticky":false,"template":"","format":"standard","meta":{"footnotes":""},"categories":[57,59],"tags":[],"tmauthors":[64],"class_list":["post-3900","post","type-post","status-publish","format-standard","has-post-thumbnail","category-jetese","category-kryesore"],"_links":{"self":[{"href":"https:\/\/thelb.al\/index.php?rest_route=\/wp\/v2\/posts\/3900","targetHints":{"allow":["GET"]}}],"collection":[{"href":"https:\/\/thelb.al\/index.php?rest_route=\/wp\/v2\/posts"}],"about":[{"href":"https:\/\/thelb.al\/index.php?rest_route=\/wp\/v2\/types\/post"}],"author":[{"embeddable":true,"href":"https:\/\/thelb.al\/index.php?rest_route=\/wp\/v2\/users\/2"}],"replies":[{"embeddable":true,"href":"https:\/\/thelb.al\/index.php?rest_route=%2Fwp%2Fv2%2Fcomments&post=3900"}],"version-history":[{"count":3,"href":"https:\/\/thelb.al\/index.php?rest_route=\/wp\/v2\/posts\/3900\/revisions"}],"predecessor-version":[{"id":3907,"href":"https:\/\/thelb.al\/index.php?rest_route=\/wp\/v2\/posts\/3900\/revisions\/3907"}],"wp:featuredmedia":[{"embeddable":true,"href":"https:\/\/thelb.al\/index.php?rest_route=\/wp\/v2\/media\/3904"}],"wp:attachment":[{"href":"https:\/\/thelb.al\/index.php?rest_route=%2Fwp%2Fv2%2Fmedia&parent=3900"}],"wp:term":[{"taxonomy":"category","embeddable":true,"href":"https:\/\/thelb.al\/index.php?rest_route=%2Fwp%2Fv2%2Fcategories&post=3900"},{"taxonomy":"post_tag","embeddable":true,"href":"https:\/\/thelb.al\/index.php?rest_route=%2Fwp%2Fv2%2Ftags&post=3900"},{"taxonomy":"tmauthors","embeddable":true,"href":"https:\/\/thelb.al\/index.php?rest_route=%2Fwp%2Fv2%2Ftmauthors&post=3900"}],"curies":[{"name":"wp","href":"https:\/\/api.w.org\/{rel}","templated":true}]}}