{"id":3967,"date":"2026-08-19T18:37:39","date_gmt":"2026-08-19T18:37:39","guid":{"rendered":"https:\/\/thelb.al\/?p=3967"},"modified":"2026-08-20T16:03:59","modified_gmt":"2026-08-20T16:03:59","slug":"si-gabrielle-chanel-ndryshoi-silueten-femerore-dhe-ndertoi-nje-prej-kodeve-me-jetegjata-te-modes","status":"publish","type":"post","link":"https:\/\/thelb.al\/?p=3967","title":{"rendered":"Si Gabrielle Chanel ndryshoi siluet\u00ebn fem\u00ebrore dhe nd\u00ebrtoi nj\u00eb prej kodeve m\u00eb jet\u00ebgjata t\u00eb mod\u00ebs"},"content":{"rendered":"<p>Gabrielle &#8216;Coco&#8217; Chanel do t\u00eb festonte 143-vjetorin e lindjes. Nj\u00eb dat\u00eb q\u00eb na kthen te nj\u00eb prej emrave m\u00eb t\u00eb njohur t\u00eb mod\u00ebs dhe, mbi t\u00eb gjitha, te ajo q\u00eb ndryshoi n\u00eb m\u00ebnyr\u00ebn se si vishen grat\u00eb.<\/p>\n<p>Gabrielle mori pantallonat nga garderoba e burrave, hoqi ornamentet nga kapelet, veshi bluz\u00ebn me vija t\u00eb marinar\u00ebve dhe e ktheu jersey-n, nj\u00eb material praktik dhe ekonomik, n\u00eb pjes\u00eb t\u00eb garderob\u00ebs fem\u00ebrore. Hoqi korsen\u00eb, liroi belin, shkurtoi fundet. M\u00eb von\u00eb, krijoi nj\u00eb \u00e7ant\u00eb q\u00eb gruaja nuk kishte m\u00eb nevoj\u00eb ta mbante m\u00eb vet\u00ebm n\u00eb dor\u00eb.<\/p>\n<p>Sot, shum\u00eb prej k\u00ebtyre zgjedhjeve duken krejt t\u00eb zakonshme. N\u00eb koh\u00ebn e saj, nuk ishin.<\/p>\n<p><img loading=\"lazy\" loading=\"lazy\" decoding=\"async\" class=\"alignnone size-large wp-image-3969\" src=\"https:\/\/thelb.al\/wp-content\/uploads\/2026\/08\/Copy-of-Green-and-White-Minimalist-Tips-to-Build-Your-Personal-Brand-Carousel-Instagram-Post-819x1024.png\" alt=\"\" width=\"819\" height=\"1024\" \/><\/p>\n<p>Gabrielle Chanel e kishte provuar fillimisht mbi veten m\u00ebnyr\u00ebn e re t\u00eb t\u00eb veshurit q\u00eb m\u00eb pas do t\u2019ua propozonte grave t\u00eb tjera. Refuzonte t\u00eb kal\u00ebronte me fustan si\u00e7 ishte zakoni dhe merrte pantallona nga garderoba mashkullore, vishte bluza <em>Breton<\/em> dhe thjeshtonte kapelet duke u hequr zbukurimet. N\u00eb Longchamp, mes grave t\u00eb shoq\u00ebris\u00eb s\u00eb lart\u00eb pariziene me fustane t\u00eb drapuara, n\u00ebnfunde dhe korse, pamja e saj binte n\u00eb sy. Shum\u00eb shpejt, t\u00eb nj\u00ebjtat gra nis\u00ebn t\u00eb k\u00ebrkonin kapelet dhe veshjet q\u00eb shihnin tek ajo.<\/p>\n<p>Por historia e Chanel kishte nisur shum\u00eb larg atij rrethi.<\/p>\n<p><img loading=\"lazy\" loading=\"lazy\" decoding=\"async\" class=\"alignnone size-large wp-image-3970\" src=\"https:\/\/thelb.al\/wp-content\/uploads\/2026\/08\/Copy-of-Green-and-White-Minimalist-Tips-to-Build-Your-Personal-Brand-Carousel-Instagram-Post-1-819x1024.png\" alt=\"\" width=\"819\" height=\"1024\" \/><\/p>\n<p>Lindi m\u00eb 19 gusht 1883 n\u00eb Franc\u00eb. N\u00eb mosh\u00ebn 12-vje\u00e7are humbi t\u00eb \u00ebm\u00ebn dhe, pasi i ati braktisi pes\u00eb f\u00ebmij\u00ebt, ajo dhe dy motrat e saj u rrit\u00ebn mes murgeshave n\u00eb abacin\u00eb Aubazine. Mjedisi i rrept\u00eb i abacis\u00eb, thjesht\u00ebsia e formave dhe prania e s\u00eb bardh\u00ebs dhe s\u00eb zez\u00ebs do t\u00eb riktheheshin vite m\u00eb von\u00eb n\u00eb estetik\u00ebn e Chanel.<\/p>\n<p>Kur largohet nga abacia Aubazine, Gabrielle punon dit\u00ebn si rrobaqep\u00ebse, nd\u00ebrsa mbr\u00ebmjeve k\u00ebndon n\u00eb nj\u00eb <em>caf\u00e9-concert<\/em> \u00a0N\u00eb repertorin e saj jan\u00eb dy k\u00ebng\u00eb q\u00eb publiku ia k\u00ebrkon vazhdimisht: <em>Ko Ko Ri Ko<\/em> dhe <em>Qui qu\u2019a vu Coco?<\/em>\u00a0Nga k\u00ebto mbr\u00ebmje do t\u2019i mbetet emri me t\u00eb cilin m\u00eb von\u00eb do ta njoh\u00eb e gjith\u00eb bota: Coco.<\/p>\n<p>Gjat\u00eb asaj periudhe njihet me \u00c9tienne Balsan, nj\u00eb oficer t\u00eb pasur t\u00eb kalor\u00ebsis\u00eb i cili e njohu me rrethet e shoq\u00ebris\u00eb s\u00eb lart\u00eb pariziene dhe krijimet e saj nisin t\u00eb t\u00ebrhiqnin v\u00ebmendje. Balsan i vuri n\u00eb dispozicion apartamentin e tij n\u00eb Paris dhe aty, n\u00eb Boulevard Malesherbes, Gabrielle filloi t\u00eb realizonte dhe shiste krijimet e saj t\u00eb para. Ishte fillimi i aktivitetit t\u00eb saj si <em>modiste<\/em>.<\/p>\n<p>M\u00eb von\u00eb u njoh me Arthur &#8216;Boy&#8217; Capel, biznesmenin dhe lojtarin anglez t\u00eb polo-s q\u00eb do t\u00eb b\u00ebhej dashuria e madhe e jet\u00ebs s\u00eb saj dhe nj\u00eb figur\u00eb vendimtare n\u00eb fillimet e Chanel si\u00e7 e njohim sot. Capel besoi n\u00eb talentin e saj, e mb\u00ebshteti n\u00eb hapjen e butik\u00ebve t\u00eb par\u00eb. P\u00ebrmes stilit t\u00eb tij sportiv britanik, ai la gjurm\u00eb edhe n\u00eb m\u00ebnyr\u00ebn se si Coco mendonte garderob\u00ebn e re p\u00ebr grat\u00eb. Me mb\u00ebshtetjen e Arthur, n\u00eb vitin 1910, Chanel hapi n\u00eb Paris dyqanin e saj t\u00eb kapelave, &#8216;<em>Chanel Modes&#8217;<\/em>. M\u00eb pas erdh\u00ebn edhe dyqanet e Deauville dhe Biarritz, n\u00eb veri t\u00eb Franc\u00ebs.<\/p>\n<p><img loading=\"lazy\" loading=\"lazy\" decoding=\"async\" class=\"alignnone size-large wp-image-3971\" src=\"https:\/\/thelb.al\/wp-content\/uploads\/2026\/08\/Copy-of-Green-and-White-Minimalist-Tips-to-Build-Your-Personal-Brand-Carousel-Instagram-Post-3-819x1024.png\" alt=\"\" width=\"819\" height=\"1024\" \/><\/p>\n<p>Channel solli prerjen <em>\u00e0 la gar\u00e7onne<\/em>, cardigan\u00ebt, bluzat e buta dhe nj\u00eb eleganc\u00eb m\u00eb t\u00eb \u00e7lir\u00ebt. N\u00eb vend q\u00eb trupi i gruas t\u2019i n\u00ebnshtrohej veshjes, veshja duhej t\u2019i p\u00ebrshtatej jet\u00ebs s\u00eb saj.<\/p>\n<p>Chanel e shpjegonte vet\u00eb k\u00ebt\u00eb ide me nj\u00eb fjali: &#8216;Pjesa m\u00eb e v\u00ebshtir\u00eb e pun\u00ebs sime \u00ebsht\u00eb t\u2019i lejoj gruas t\u00eb ndihet e lir\u00eb.&#8217; I referohej grave aktive, q\u00eb punonin, t\u00eb cilave u duhej t\u00eb ndiheshin rehat n\u00eb veshjet e tyre dhe t\u00eb mund t\u00eb ngrinin vet\u00eb m\u00ebng\u00ebt. Funksioni nuk ishte armiku i eleganc\u00ebs. P\u00ebr Chanel, ai ishte nj\u00eb nga kushtet e saj.<\/p>\n<p>Nga kjo m\u00ebnyr\u00eb t\u00eb menduari lind\u00ebn, nj\u00ebra pas tjetr\u00ebs, disa prej kodeve q\u00eb sot duken t\u00eb pandashme nga emri Chanel. N\u00eb mes t\u00eb viteve 1920 u shfaq p\u00ebr her\u00eb t\u00eb par\u00eb <em>la petite robe noire (fustani i vog\u00ebl i zi)<\/em>. E zeza, deri at\u00ebher\u00eb e lidhur fort me zin\u00eb dhe uniformat e sh\u00ebrbimit, u kthye n\u00eb nj\u00eb prej ngjyrave m\u00eb elegante t\u00eb garderob\u00ebs. Chanel e kombinoi shpesh me perla, zinxhir\u00eb, kristale, kamelia dhe bizhuteri t\u00eb ndryshme e plot fantazi, duke luajtur vazhdimisht me kufirin mes t\u00eb \u00e7muar\u00ebs dhe t\u00eb zakonshmes.<\/p>\n<p>Garderoba mashkullore vijoi t\u00eb ishte burim frym\u00ebzimi p\u00ebr modisten. Nga Duka i Westminsterit dhe jeta britanike erdh\u00ebn tweed-i, xhaketat, pulovrat dhe elemente t\u00eb veshjes q\u00eb Chanel i p\u00ebrktheu n\u00eb gjuh\u00ebn e saj.<\/p>\n<p><img loading=\"lazy\" loading=\"lazy\" decoding=\"async\" class=\"alignnone size-large wp-image-3972\" src=\"https:\/\/thelb.al\/wp-content\/uploads\/2026\/08\/Copy-of-Green-and-White-Minimalist-Tips-to-Build-Your-Personal-Brand-Carousel-Instagram-Post-2-819x1024.png\" alt=\"\" width=\"819\" height=\"1024\" \/><\/p>\n<p>Nd\u00ebrkoh\u00eb, n\u00eb vitin 1921, p\u00ebrmes njohu njohu parfumerin Ernest Beaux. Prej k\u00ebtij takimi lindi n\u00eb Grasse, qytetin jugor francez, Chanel N\u00b05, parfumi q\u00eb do t\u00eb b\u00ebhej nj\u00eb nga krijimet m\u00eb t\u00eb njohura t\u00eb Maison dhe do ta zgjeronte m\u00eb tej dimesionin e Chanel shum\u00eb p\u00ebrtej veshjes.<\/p>\n<p>M\u00eb 5 shkurt 1954, Chanel u rikthye n\u00eb pasarel\u00eb. Ishte n\u00eb t\u00eb shtat\u00ebdhjetat dhe Parisi i mod\u00ebs kishte ndryshuar. Koleksioni u prit ashp\u00ebr nga shtypi francez, por p\u00ebrtej Atlantikut, reagimi ishte krejt tjet\u00ebr. Amerika pa tek Chanel nj\u00eb grua q\u00eb nd\u00ebrtonte nj\u00eb m\u00ebnyr\u00eb veshjeje q\u00eb kishte m\u00eb kuptim.<\/p>\n<p>Nga ky rikthim u konsolidua <em>tailleur<\/em>-i Chanel: xhaketa me r\u00ebnie t\u00eb kontrolluar nga zinxhiri i qepur brenda astarit, xhepat e shesht\u00eb dhe kopsat-bizhuteri. Erdh\u00ebn k\u00ebpuc\u00ebt slingback dyngjyr\u00ebshe, bezh\u00eb me maj\u00eb t\u00eb zez\u00eb, dhe \u00e7anta matelass\u00e9 me rrip zinxhiri q\u00eb nuk mbahej vet\u00ebm n\u00eb dor\u00eb por hidhej n\u00eb krah. Edhe \u00e7anta mbante brenda t\u00eb nj\u00ebjt\u00ebn ide q\u00eb kishte udh\u00ebhequr shum\u00eb prej krijimeve t\u00eb saj: t\u2019i linte gruas duart t\u00eb lira.<\/p>\n<p>Chanel vazhdoi t\u00eb punonte deri n\u00eb vitet e fundit t\u00eb jet\u00ebs. Jetonte n\u00eb H\u00f4tel Ritz dhe \u00e7do m\u00ebngjes kalonte drejt atelier-it n\u00eb Rue Cambon. Vdiq m\u00eb 10 janar 1971, n\u00eb mosh\u00ebn 87-vje\u00e7are. Nj\u00eb prej frazave t\u00eb saj m\u00eb t\u00eb njohura mbeti: \u2018Moda kalon, stili mbetet.\u2019 \u00a0Por ndoshta gjurma e saj m\u00eb e madhe shkon p\u00ebrtej stilit.<\/p>\n<p><img loading=\"lazy\" loading=\"lazy\" decoding=\"async\" class=\"alignnone size-large wp-image-3973\" src=\"https:\/\/thelb.al\/wp-content\/uploads\/2026\/08\/Copy-of-Green-and-White-Minimalist-Tips-to-Build-Your-Personal-Brand-Carousel-Instagram-Post-4-819x1024.png\" alt=\"\" width=\"819\" height=\"1024\" \/><\/p>\n<p>Sot grat\u00eb veshin pantallona, l\u00ebvizin lirsh\u00ebm dhe k\u00ebrkojn\u00eb rehati pa hequr dor\u00eb nga eleganca. E b\u00ebjm\u00eb pa menduar se, nj\u00eb shekull m\u00eb par\u00eb, nj\u00eb grua duhej t\u00eb sfidonte shoq\u00ebrin\u00eb q\u00eb kjo m\u00ebnyr\u00eb e t\u00eb veshurit t\u00eb b\u00ebhej e mundur. Coco Chanel ishte ajo grua.<\/p>\n<p><strong>&#8211; THELB,<\/strong><\/p>\n","protected":false},"excerpt":{"rendered":"<p>Gabrielle &#8216;Coco&#8217; Chanel do t\u00eb festonte 143-vjetorin e lindjes. Nj\u00eb dat\u00eb q\u00eb na kthen te nj\u00eb prej emrave m\u00eb t\u00eb njohur t\u00eb mod\u00ebs dhe, mbi t\u00eb gjitha, te ajo q\u00eb ndryshoi n\u00eb m\u00ebnyr\u00ebn se si vishen grat\u00eb. Gabrielle mori pantallonat nga garderoba e burrave, hoqi ornamentet nga kapelet, veshi bluz\u00ebn me vija t\u00eb marinar\u00ebve dhe [&hellip;]<\/p>\n","protected":false},"author":2,"featured_media":3968,"comment_status":"open","ping_status":"open","sticky":false,"template":"","format":"standard","meta":{"footnotes":""},"categories":[39,40],"tags":[],"tmauthors":[64],"class_list":["post-3967","post","type-post","status-publish","format-standard","has-post-thumbnail","category-mode","category-stiliste"],"_links":{"self":[{"href":"https:\/\/thelb.al\/index.php?rest_route=\/wp\/v2\/posts\/3967","targetHints":{"allow":["GET"]}}],"collection":[{"href":"https:\/\/thelb.al\/index.php?rest_route=\/wp\/v2\/posts"}],"about":[{"href":"https:\/\/thelb.al\/index.php?rest_route=\/wp\/v2\/types\/post"}],"author":[{"embeddable":true,"href":"https:\/\/thelb.al\/index.php?rest_route=\/wp\/v2\/users\/2"}],"replies":[{"embeddable":true,"href":"https:\/\/thelb.al\/index.php?rest_route=%2Fwp%2Fv2%2Fcomments&post=3967"}],"version-history":[{"count":3,"href":"https:\/\/thelb.al\/index.php?rest_route=\/wp\/v2\/posts\/3967\/revisions"}],"predecessor-version":[{"id":3976,"href":"https:\/\/thelb.al\/index.php?rest_route=\/wp\/v2\/posts\/3967\/revisions\/3976"}],"wp:featuredmedia":[{"embeddable":true,"href":"https:\/\/thelb.al\/index.php?rest_route=\/wp\/v2\/media\/3968"}],"wp:attachment":[{"href":"https:\/\/thelb.al\/index.php?rest_route=%2Fwp%2Fv2%2Fmedia&parent=3967"}],"wp:term":[{"taxonomy":"category","embeddable":true,"href":"https:\/\/thelb.al\/index.php?rest_route=%2Fwp%2Fv2%2Fcategories&post=3967"},{"taxonomy":"post_tag","embeddable":true,"href":"https:\/\/thelb.al\/index.php?rest_route=%2Fwp%2Fv2%2Ftags&post=3967"},{"taxonomy":"tmauthors","embeddable":true,"href":"https:\/\/thelb.al\/index.php?rest_route=%2Fwp%2Fv2%2Ftmauthors&post=3967"}],"curies":[{"name":"wp","href":"https:\/\/api.w.org\/{rel}","templated":true}]}}