{"id":4018,"date":"2026-08-22T10:58:44","date_gmt":"2026-08-22T10:58:44","guid":{"rendered":"https:\/\/thelb.al\/?p=4018"},"modified":"2026-08-22T11:05:27","modified_gmt":"2026-08-22T11:05:27","slug":"fotografi-te-papublikuara-dhe-nje-urim-nga-dukagjin-lipa-per-31-vjetorin-e-duas","status":"publish","type":"post","link":"https:\/\/thelb.al\/?p=4018","title":{"rendered":"Fotografi t\u00eb papublikuara dhe nj\u00eb urim nga Dukagjin Lipa p\u00ebr 31-vjetorin e Duas"},"content":{"rendered":"<p class=\"PDq2pG_selectionAnchorContainer\" data-start=\"197\" data-end=\"480\">N\u00eb 31-vjetorin e Dua Lip\u00ebs, mes urimeve q\u00eb kan\u00eb mbushur rrjetet sociale, nj\u00eb prej tyre vjen nga njeriu q\u00eb e ka par\u00eb historin\u00eb e saj shum\u00eb p\u00ebrpara skenave, \u00e7mimeve dhe fam\u00ebs. Dukagjin Lipa ka ndar\u00eb nj\u00eb seri fotografish familjare t\u00eb s\u00eb bij\u00ebs n\u00eb mosh\u00eb t\u00eb vog\u00ebl, lidhjes s\u00eb tyre t\u00eb tyre t\u00eb ve\u00e7ant\u00eb dhe t\u00eb kahershme t\u00eb shoq\u00ebruara nga nj\u00eb urim shum\u00eb personal.<\/p>\n<p data-start=\"197\" data-end=\"480\"><img loading=\"lazy\" loading=\"lazy\" decoding=\"async\" class=\"alignnone size-full wp-image-4019\" src=\"https:\/\/thelb.al\/wp-content\/uploads\/2026\/08\/783573202_18617685334013333_6211746965843994242_n.jpg\" alt=\"\" width=\"647\" height=\"736\" \/><\/p>\n<p data-start=\"197\" data-end=\"480\"><img loading=\"lazy\" loading=\"lazy\" decoding=\"async\" class=\"alignnone size-large wp-image-4020\" src=\"https:\/\/thelb.al\/wp-content\/uploads\/2026\/08\/783948022_18617685367013333_7069567026118966738_n-901x1024.jpg\" alt=\"\" width=\"901\" height=\"1024\" \/><\/p>\n<p data-start=\"197\" data-end=\"480\"><img loading=\"lazy\" loading=\"lazy\" decoding=\"async\" class=\"alignnone size-large wp-image-4021\" src=\"https:\/\/thelb.al\/wp-content\/uploads\/2026\/08\/783830283_18617685358013333_8190375935526545563_n-901x1024.jpg\" alt=\"\" width=\"901\" height=\"1024\" \/><\/p>\n<p data-start=\"197\" data-end=\"480\"><img loading=\"lazy\" loading=\"lazy\" decoding=\"async\" class=\"alignnone size-large wp-image-4022\" src=\"https:\/\/thelb.al\/wp-content\/uploads\/2026\/08\/781976896_18617685403013333_8176980067444730445_n-900x1024.jpg\" alt=\"\" width=\"900\" height=\"1024\" \/><\/p>\n<p data-start=\"482\" data-end=\"774\">&#8216;G\u00ebzuar dit\u00eblindjen, Dua,T\u00eb dua shum\u00eb dhe jam jasht\u00ebzakonisht krenar p\u00ebr ty. Dora e Zotit qoft\u00eb mes teje dhe \u00e7do t\u00eb keqeje. Dashuria q\u00eb na jep t\u00eb gjith\u00ebve qoft\u00eb mburoja q\u00eb t\u00eb mban t\u00eb sigurt dhe t\u00eb lumtur&#8217;, shkruan ai.<\/p>\n<p data-start=\"482\" data-end=\"774\"><img loading=\"lazy\" loading=\"lazy\" decoding=\"async\" class=\"alignnone size-large wp-image-4023\" src=\"https:\/\/thelb.al\/wp-content\/uploads\/2026\/08\/781206839_18617685370013333_1236678776469853414_n-901x1024.jpg\" alt=\"\" width=\"901\" height=\"1024\" \/><\/p>\n<p data-start=\"482\" data-end=\"774\"><img loading=\"lazy\" loading=\"lazy\" decoding=\"async\" class=\"alignnone size-large wp-image-4024\" src=\"https:\/\/thelb.al\/wp-content\/uploads\/2026\/08\/783485833_18617685463013333_899946412707831183_n-900x1024.jpg\" alt=\"\" width=\"900\" height=\"1024\" \/><\/p>\n<p data-start=\"482\" data-end=\"774\">Fotografit\u00eb sjellin nj\u00eb Dua tjet\u00ebr nga ajo e sken\u00ebs dhe tapeteve t\u00eb kuq, momente nga albumi familjar, t\u00eb nj\u00eb vajze q\u00eb Dukagjini e ka par\u00eb t\u00eb rritet shum\u00eb p\u00ebrpara se pjesa tjet\u00ebr e bot\u00ebs ta njihte. Sot ai \u00ebsht\u00eb edhe menaxheri i saj dhe bashk\u00eb kan\u00eb nd\u00ebrtuar Sunny Hill, por urimi i dit\u00eblindjes \u00ebsht\u00eb ai i babait p\u00ebr vajz\u00ebs s\u00eb tij.<\/p>\n<p data-start=\"482\" data-end=\"774\"><img loading=\"lazy\" loading=\"lazy\" decoding=\"async\" class=\"alignnone size-large wp-image-4025\" src=\"https:\/\/thelb.al\/wp-content\/uploads\/2026\/08\/784426927_18617685541013333_905824479332313350_n-900x1024.jpg\" alt=\"\" width=\"900\" height=\"1024\" \/><\/p>\n<p data-start=\"482\" data-end=\"774\"><img loading=\"lazy\" loading=\"lazy\" decoding=\"async\" class=\"alignnone size-large wp-image-4026\" src=\"https:\/\/thelb.al\/wp-content\/uploads\/2026\/08\/782888655_18617685586013333_8666546840245226282_n-900x1024.jpg\" alt=\"\" width=\"900\" height=\"1024\" \/><\/p>\n<p data-start=\"482\" data-end=\"774\"><img loading=\"lazy\" loading=\"lazy\" decoding=\"async\" class=\"alignnone size-full wp-image-4030\" src=\"https:\/\/thelb.al\/wp-content\/uploads\/2026\/08\/Capture.jpg\" alt=\"\" width=\"701\" height=\"732\" \/><\/p>\n<p data-start=\"1141\" data-end=\"1352\">Dua mbush 31 vje\u00e7. Nd\u00ebrsa pjesa tjet\u00ebr e bot\u00ebs sheh nj\u00eb prej yjeve m\u00eb t\u00eb m\u00ebdha t\u00eb pop-it, p\u00ebr nj\u00eb prind historia \u00ebsht\u00eb pak m\u00eb ndryshe dhe nis gjithmon\u00eb shum\u00eb m\u00eb her\u00ebt.<\/p>\n<p><strong>&#8211; THELB,<\/strong><\/p>\n<p data-start=\"1354\" data-end=\"1385\">\n","protected":false},"excerpt":{"rendered":"<p>N\u00eb 31-vjetorin e Dua Lip\u00ebs, mes urimeve q\u00eb kan\u00eb mbushur rrjetet sociale, nj\u00eb prej tyre vjen nga njeriu q\u00eb e ka par\u00eb historin\u00eb e saj shum\u00eb p\u00ebrpara skenave, \u00e7mimeve dhe fam\u00ebs. Dukagjin Lipa ka ndar\u00eb nj\u00eb seri fotografish familjare t\u00eb s\u00eb bij\u00ebs n\u00eb mosh\u00eb t\u00eb vog\u00ebl, lidhjes s\u00eb tyre t\u00eb tyre t\u00eb ve\u00e7ant\u00eb dhe t\u00eb [&hellip;]<\/p>\n","protected":false},"author":2,"featured_media":4027,"comment_status":"open","ping_status":"open","sticky":false,"template":"","format":"standard","meta":{"footnotes":""},"categories":[57],"tags":[],"tmauthors":[64],"class_list":["post-4018","post","type-post","status-publish","format-standard","has-post-thumbnail","category-jetese"],"_links":{"self":[{"href":"https:\/\/thelb.al\/index.php?rest_route=\/wp\/v2\/posts\/4018","targetHints":{"allow":["GET"]}}],"collection":[{"href":"https:\/\/thelb.al\/index.php?rest_route=\/wp\/v2\/posts"}],"about":[{"href":"https:\/\/thelb.al\/index.php?rest_route=\/wp\/v2\/types\/post"}],"author":[{"embeddable":true,"href":"https:\/\/thelb.al\/index.php?rest_route=\/wp\/v2\/users\/2"}],"replies":[{"embeddable":true,"href":"https:\/\/thelb.al\/index.php?rest_route=%2Fwp%2Fv2%2Fcomments&post=4018"}],"version-history":[{"count":3,"href":"https:\/\/thelb.al\/index.php?rest_route=\/wp\/v2\/posts\/4018\/revisions"}],"predecessor-version":[{"id":4031,"href":"https:\/\/thelb.al\/index.php?rest_route=\/wp\/v2\/posts\/4018\/revisions\/4031"}],"wp:featuredmedia":[{"embeddable":true,"href":"https:\/\/thelb.al\/index.php?rest_route=\/wp\/v2\/media\/4027"}],"wp:attachment":[{"href":"https:\/\/thelb.al\/index.php?rest_route=%2Fwp%2Fv2%2Fmedia&parent=4018"}],"wp:term":[{"taxonomy":"category","embeddable":true,"href":"https:\/\/thelb.al\/index.php?rest_route=%2Fwp%2Fv2%2Fcategories&post=4018"},{"taxonomy":"post_tag","embeddable":true,"href":"https:\/\/thelb.al\/index.php?rest_route=%2Fwp%2Fv2%2Ftags&post=4018"},{"taxonomy":"tmauthors","embeddable":true,"href":"https:\/\/thelb.al\/index.php?rest_route=%2Fwp%2Fv2%2Ftmauthors&post=4018"}],"curies":[{"name":"wp","href":"https:\/\/api.w.org\/{rel}","templated":true}]}}