{"id":4106,"date":"2026-08-26T10:11:21","date_gmt":"2026-08-26T10:11:21","guid":{"rendered":"https:\/\/thelb.al\/?p=4106"},"modified":"2026-08-26T10:11:21","modified_gmt":"2026-08-26T10:11:21","slug":"vitamina-c-pas-veres-aktivi-qe-i-rikthen-lekures-shkelqimin","status":"publish","type":"post","link":"https:\/\/thelb.al\/?p=4106","title":{"rendered":"Vitamina C pas ver\u00ebs, aktivi q\u00eb i rikthen l\u00ebkur\u00ebs shk\u00eblqimin"},"content":{"rendered":"<p>Pas jav\u00ebve t\u00eb ekspozimit n\u00eb diell, l\u00ebkura ka nevoj\u00eb p\u00ebr m\u00eb shum\u00eb se hidratim. Vitamina C ndihmon n\u00eb luftimin e stresit oksidativ, p\u00ebrmir\u00ebson pamjen e njollave dhe i rikthen fytyr\u00ebs nj\u00eb pamje m\u00eb t\u00eb ndritshme dhe uniforme.<\/p>\n<p>Ka nj\u00eb arsye pse fundi i ver\u00ebs \u00ebsht\u00eb nj\u00eb moment i mir\u00eb p\u00ebr t\u2019i kushtuar m\u00eb shum\u00eb v\u00ebmendje vitamin\u00ebs C. Pas jav\u00ebsh n\u00eb diell, l\u00ebkura mund t\u00eb duket m\u00eb e that\u00eb, m\u00eb e ashp\u00ebr dhe m\u00eb pak uniforme. Edhe nxirja, q\u00eb n\u00eb fillim duket e nj\u00ebtrajtshme dhe e ndritshme, fillon gradualisht t\u00eb zbehet nd\u00ebrsa qelizat e sip\u00ebrfaqes s\u00eb l\u00ebkur\u00ebs rinovohen.<\/p>\n<p><img loading=\"lazy\" loading=\"lazy\" decoding=\"async\" class=\"alignnone size-large wp-image-4107\" src=\"https:\/\/thelb.al\/wp-content\/uploads\/2026\/08\/BEST-VITAMIN-C-SERUMS-SUB-2048px-5857-1024x683.webp\" alt=\"\" width=\"1024\" height=\"683\" \/><\/p>\n<p><strong><em>Pse vitamina C \u00ebsht\u00eb e r\u00ebnd\u00ebsishme pas ver\u00ebs?<\/em><\/strong><\/p>\n<p>Vitamina C, ose acidi askorbik, \u00ebsht\u00eb nj\u00eb antioksidant i fuqish\u00ebm q\u00eb p\u00ebrdoret gjer\u00ebsisht n\u00eb kozmetik\u00eb. Ekspozimi ndaj rrezatimit UV krijon stres oksidativ n\u00eb l\u00ebkur\u00eb, nd\u00ebrsa antioksidant\u00ebt ndihmojn\u00eb n\u00eb neutralizimin e radikaleve t\u00eb lira q\u00eb lidhen me k\u00ebt\u00eb proces.<\/p>\n<p>Vitamina C \u00ebsht\u00eb nj\u00eb aktiv shum\u00eb efektiv p\u00ebr t\u2019u p\u00ebrdorur n\u00eb fund t\u00eb ver\u00ebs, sidomos p\u00ebr t\u00eb luftuar d\u00ebmtimin oksidativ q\u00eb lidhet me ekspozimin e fundit n\u00eb diell\u2019, shpjegojn\u00eb specialist\u00ebt e fush\u00ebs. P\u00ebrve\u00e7 veprimit antioksidues, vitamina C njihet edhe p\u00ebr rolin e saj n\u00eb mb\u00ebshtetjen e sintez\u00ebs s\u00eb kolagjenit dhe p\u00ebr aft\u00ebsin\u00eb p\u00ebr t\u2019i dh\u00ebn\u00eb l\u00ebkur\u00ebs nj\u00eb pamje m\u00eb t\u00eb ndritshme.<\/p>\n<p><strong><em>A e zgjat vitamina C nxirjen?<\/em><\/strong><\/p>\n<p>Ngjyra e marr\u00eb nga dielli zbehet gradualisht nd\u00ebrsa qelizat e l\u00ebkur\u00ebs rinovohen. Ajo q\u00eb mund t\u00eb b\u00ebj\u00eb nj\u00eb rutin\u00eb e mir\u00eb pas diellit \u00ebsht\u00eb ta mbaj\u00eb sip\u00ebrfaqen e l\u00ebkur\u00ebs t\u00eb hidratuar, t\u00eb l\u00ebmuar dhe m\u00eb uniforme, duke b\u00ebr\u00eb q\u00eb edhe ngjyra e mbetur t\u00eb duket m\u00eb e bukur.<\/p>\n<p>Eksfolimi i moderuar mund t\u00eb largoj\u00eb qelizat e vdekura q\u00eb e b\u00ebjn\u00eb sip\u00ebrfaqen t\u00eb duket e ashp\u00ebr dhe e zbeht\u00eb, nd\u00ebrsa hidratimi ndihmon n\u00eb ruajtjen e barrier\u00ebs s\u00eb l\u00ebkur\u00ebs. Vitamina C, nga ana tjet\u00ebr, kontribuon n\u00eb shk\u00eblqimin e saj dhe n\u00eb mbrojtjen antioksiduese. Pra, n\u00eb vend q\u00eb ta shohim vitamin\u00ebn C si nj\u00eb m\u00ebnyr\u00eb p\u00ebr t\u00eb \u2018mbajtur\u2019 nxirjen, \u00ebsht\u00eb m\u00eb e sakt\u00eb ta konsiderojm\u00eb pjes\u00eb t\u00eb nj\u00eb rutine q\u00eb e b\u00ebn l\u00ebkur\u00ebn e nxir\u00eb t\u00eb duket m\u00eb e sh\u00ebndetshme dhe m\u00eb uniforme.<\/p>\n<p><img loading=\"lazy\" loading=\"lazy\" decoding=\"async\" class=\"alignnone size-large wp-image-4108\" src=\"https:\/\/thelb.al\/wp-content\/uploads\/2026\/08\/05.06_ALL_1-New-Lede-Image-for-Best-Korean-Vitamin-C-Serums.-1-1024x1024.webp\" alt=\"\" width=\"1024\" height=\"1024\" \/><\/p>\n<p><strong><em>Si ta p\u00ebrfshini n\u00eb rutin\u00ebn e vjesht\u00ebs?<\/em><\/strong><\/p>\n<p>Pas ver\u00ebs, rutina mund t\u00eb jet\u00eb shum\u00eb m\u00eb e thjesht\u00eb nga sa duket. N\u00eb m\u00ebngjes: pastrues i but\u00eb, serum me vitamin\u00eb C, hidratues dhe gjithmon\u00eb SPF. Mbrojtja nga dielli mbetet e nevojshme edhe pasi nxirja ka filluar t\u00eb zbehet. N\u00eb mbr\u00ebmje: pastrues, serum hidratues ose serum me vitamin\u00eb C dhe krem hidratues. N\u00ebse l\u00ebkura e toleron mir\u00eb vitamin\u00ebn C, ajo mund t\u00eb p\u00ebrdoret rregullisht; p\u00ebr l\u00ebkurat m\u00eb t\u00eb ndjeshme, \u00ebsht\u00eb m\u00eb mir\u00eb t\u00eb fillohet gradualisht.<\/p>\n<p>Nj\u00eb tjet\u00ebr element \u00ebsht\u00eb eksfolimi. Nj\u00eb scrub i but\u00eb p\u00ebr trupin ose nj\u00eb eksfoliant i p\u00ebrshtatsh\u00ebm p\u00ebr fytyr\u00ebn, i p\u00ebrdorur me mas\u00eb, mund t\u00eb ndihmoj\u00eb n\u00eb largimin e qelizave t\u00eb vdekura. Por pas nj\u00eb vere me shum\u00eb diell, agresiviteti nuk \u00ebsht\u00eb zgjidhja, nj\u00eb l\u00ebkur\u00eb e irrituar nuk ka nevoj\u00eb p\u00ebr m\u00eb shum\u00eb eksfolim, por p\u00ebr qet\u00ebsim dhe hidratim.<\/p>\n<p><strong><em>\u00c7far\u00eb duhet t\u00eb k\u00ebrkoni n\u00eb nj\u00eb produkt me vitamin\u00eb C?<\/em><\/strong><\/p>\n<p>Jo t\u00eb gjitha produktet me vitamin\u00eb C jan\u00eb t\u00eb nj\u00ebjta. Acidi askorbik i past\u00ebr (L-ascorbic acid) \u00ebsht\u00eb forma m\u00eb e studiuar, por \u00ebsht\u00eb gjithashtu m\u00eb e ndjeshme ndaj oksidimit dhe mund t\u00eb irritoj\u00eb l\u00ebkurat e ndjeshme.<\/p>\n<p>Ekzistojn\u00eb edhe derivate t\u00eb vitamin\u00ebs C, t\u00eb formuluara p\u00ebr t\u00eb qen\u00eb m\u00eb t\u00eb q\u00ebndrueshme dhe, n\u00eb disa raste, m\u00eb t\u00eb tolerueshme. P\u00ebr k\u00ebt\u00eb arsye, p\u00ebrzgjedhja e produktit duhet t\u00eb b\u00ebhet sipas llojit t\u00eb l\u00ebkur\u00ebs, toleranc\u00ebs dhe pjes\u00ebs tjet\u00ebr t\u00eb rutin\u00ebs, jo thjesht duke k\u00ebrkuar p\u00ebrqendrimin m\u00eb t\u00eb lart\u00eb t\u00eb mundsh\u00ebm.<\/p>\n<p><img loading=\"lazy\" loading=\"lazy\" decoding=\"async\" class=\"alignnone size-large wp-image-4109\" src=\"https:\/\/thelb.al\/wp-content\/uploads\/2026\/08\/vedrana-filipovic-vFuknaztGdY-unsplash-1024x683.jpg\" alt=\"\" width=\"1024\" height=\"683\" \/><\/p>\n<p>Vitamina C nuk \u00ebsht\u00eb vet\u00ebm nj\u00eb p\u00ebrb\u00ebr\u00ebs kozmetik. Ajo \u00ebsht\u00eb nj\u00eb vitamin\u00eb esenciale q\u00eb merret p\u00ebrmes ushqimit dhe gjendet n\u00eb shum\u00eb fruta e perime, mes tyre agrumet, kivi, specat dhe lakrat. Nj\u00eb diet\u00eb e larmishme dhe e pasur me fruta e perime mb\u00ebshtet sh\u00ebndetin e p\u00ebrgjithsh\u00ebm dhe furnizon organizmin me vitamin\u00eb C. Por kjo nuk do t\u00eb thot\u00eb se konsumimi i ushqimeve t\u00eb pasura me vitamin\u00eb C z\u00ebvend\u00ebson p\u00ebrdorimin e nj\u00eb produkti kozmetik n\u00ebse q\u00ebllimi \u00ebsht\u00eb trajtimi i drejtp\u00ebrdrejt\u00eb i l\u00ebkur\u00ebs.<\/p>\n<p>Pas ver\u00ebs, pra, nuk \u00ebsht\u00eb momenti p\u00ebr t\u00eb ndjekur nj\u00eb tjet\u00ebr trend bukurie. \u00cbsht\u00eb momenti p\u00ebr t&#8217;i dh\u00ebn\u00eb l\u00ebkur\u00ebs at\u00eb q\u00eb i mungon m\u00eb shum\u00eb: hidratim, mbrojtje, antioksidant\u00eb dhe nj\u00eb rutin\u00eb t\u00eb q\u00ebndrueshme.<\/p>\n<p><strong>-THELB,\u00a0<\/strong><\/p>\n","protected":false},"excerpt":{"rendered":"<p>Pas jav\u00ebve t\u00eb ekspozimit n\u00eb diell, l\u00ebkura ka nevoj\u00eb p\u00ebr m\u00eb shum\u00eb se hidratim. Vitamina C ndihmon n\u00eb luftimin e stresit oksidativ, p\u00ebrmir\u00ebson pamjen e njollave dhe i rikthen fytyr\u00ebs nj\u00eb pamje m\u00eb t\u00eb ndritshme dhe uniforme. Ka nj\u00eb arsye pse fundi i ver\u00ebs \u00ebsht\u00eb nj\u00eb moment i mir\u00eb p\u00ebr t\u2019i kushtuar m\u00eb shum\u00eb v\u00ebmendje [&hellip;]<\/p>\n","protected":false},"author":2,"featured_media":4110,"comment_status":"open","ping_status":"open","sticky":false,"template":"","format":"standard","meta":{"footnotes":""},"categories":[43,45],"tags":[],"tmauthors":[64],"class_list":["post-4106","post","type-post","status-publish","format-standard","has-post-thumbnail","category-estetike-rituale","category-lekura"],"_links":{"self":[{"href":"https:\/\/thelb.al\/index.php?rest_route=\/wp\/v2\/posts\/4106","targetHints":{"allow":["GET"]}}],"collection":[{"href":"https:\/\/thelb.al\/index.php?rest_route=\/wp\/v2\/posts"}],"about":[{"href":"https:\/\/thelb.al\/index.php?rest_route=\/wp\/v2\/types\/post"}],"author":[{"embeddable":true,"href":"https:\/\/thelb.al\/index.php?rest_route=\/wp\/v2\/users\/2"}],"replies":[{"embeddable":true,"href":"https:\/\/thelb.al\/index.php?rest_route=%2Fwp%2Fv2%2Fcomments&post=4106"}],"version-history":[{"count":1,"href":"https:\/\/thelb.al\/index.php?rest_route=\/wp\/v2\/posts\/4106\/revisions"}],"predecessor-version":[{"id":4111,"href":"https:\/\/thelb.al\/index.php?rest_route=\/wp\/v2\/posts\/4106\/revisions\/4111"}],"wp:featuredmedia":[{"embeddable":true,"href":"https:\/\/thelb.al\/index.php?rest_route=\/wp\/v2\/media\/4110"}],"wp:attachment":[{"href":"https:\/\/thelb.al\/index.php?rest_route=%2Fwp%2Fv2%2Fmedia&parent=4106"}],"wp:term":[{"taxonomy":"category","embeddable":true,"href":"https:\/\/thelb.al\/index.php?rest_route=%2Fwp%2Fv2%2Fcategories&post=4106"},{"taxonomy":"post_tag","embeddable":true,"href":"https:\/\/thelb.al\/index.php?rest_route=%2Fwp%2Fv2%2Ftags&post=4106"},{"taxonomy":"tmauthors","embeddable":true,"href":"https:\/\/thelb.al\/index.php?rest_route=%2Fwp%2Fv2%2Ftmauthors&post=4106"}],"curies":[{"name":"wp","href":"https:\/\/api.w.org\/{rel}","templated":true}]}}