{"id":4178,"date":"2026-08-28T10:51:35","date_gmt":"2026-08-28T10:51:35","guid":{"rendered":"https:\/\/thelb.al\/?p=4178"},"modified":"2026-08-28T10:51:35","modified_gmt":"2026-08-28T10:51:35","slug":"christy-turlington-rikthimi-tek-armani-pas-me-shume-se-30-vitesh","status":"publish","type":"post","link":"https:\/\/thelb.al\/?p=4178","title":{"rendered":"Christy Turlington, rikthimi tek Armani pas m\u00eb shum\u00eb se 30 vitesh"},"content":{"rendered":"<p>Ka disa rikthime q\u00eb nuk kan\u00eb nevoj\u00eb p\u00ebr shum\u00eb shpjegime. Kur Christy Turlington shfaqet s\u00ebrish n\u00eb nj\u00eb fushat\u00eb t\u00eb Giorgio Armani-t, pas m\u00eb shum\u00eb se 30 vitesh, nuk \u00ebsht\u00eb thjesht nj\u00eb modele e njohur q\u00eb rikthehet n\u00eb nj\u00eb mark\u00eb me t\u00eb cil\u00ebn ka punuar dikur. \u00cbsht\u00eb nj\u00eb takim i ri me nj\u00eb pjes\u00eb t\u00eb historis\u00eb s\u00eb mod\u00ebs.<\/p>\n<p>N\u00eb vitet \u201990, Turlington ishte nj\u00eb prej fytyrave q\u00eb u shfaq\u00ebn n\u00eb pasarelat e Armani-t, n\u00eb nj\u00eb periudh\u00eb kur supermodelet kishin filluar t\u00eb b\u00ebheshin personazhe m\u00eb vete. Sot, ajo rikthehet p\u00ebr fushat\u00ebn Vjesht\u00eb\/Dim\u00ebr 2026\u201327, t\u00eb par\u00ebn p\u00ebr koleksionin Giorgio Armani t\u00eb firmosur nga Silvana Armani dhe Leo Dell\u2019Orco. \u00cbsht\u00eb nj\u00eb rikthim q\u00eb duket i menduar p\u00ebr t\u00eb mos u dukur nostalgjik.<\/p>\n<p><img loading=\"lazy\" loading=\"lazy\" decoding=\"async\" class=\"alignnone size-large wp-image-4179\" src=\"https:\/\/thelb.al\/wp-content\/uploads\/2026\/08\/Christy-Turlington-e-tornata-da-@giorgioarmani-dopo-piu-di-30-anni.@cturlington-e-stata-tra-i-vo-768x1024.jpg\" alt=\"\" width=\"768\" height=\"1024\" \/><\/p>\n<p>Fotografit\u00eb e Oliver Hadlee Pearch jan\u00eb t\u00eb pastra, me sfonda neutrale dhe nj\u00eb atmosfer\u00eb q\u00eb nuk i p\u00ebrket qart\u00ebsisht nj\u00eb kohe t\u00eb caktuar. Christy \u00ebsht\u00eb aty, por nuk \u00ebsht\u00eb vendosur p\u00ebrball\u00eb s\u00eb shkuar\u00ebs. P\u00ebrkundrazi, duket sikur ajo e sjell at\u00eb me vete n\u00eb t\u00eb tashmen.<\/p>\n<p>N\u00eb mod\u00eb, rikthimi i modeleve ikonike shpesh lidhet me nostalgjin\u00eb. Por k\u00ebtu nuk duket se q\u00ebllimi \u00ebsht\u00eb t\u00eb rikrijohet Armani i viteve \u201990. Fushata p\u00ebrdor disa elemente q\u00eb lidhen drejtp\u00ebrdrejt me universin e Giorgio Armani-t dhe i vendos p\u00ebrkrah Christy-t: macja, Logo Lamp, numri 11 i Palazzo Orsini, si edhe detaje t\u00eb tjera t\u00eb lidhura me bot\u00ebn e stilistit. N\u00eb mes t\u00eb tyre \u00ebsht\u00eb edhe vet\u00eb Christy Turlington.<\/p>\n<p><img loading=\"lazy\" loading=\"lazy\" decoding=\"async\" class=\"alignnone size-large wp-image-4180\" src=\"https:\/\/thelb.al\/wp-content\/uploads\/2026\/08\/Christy-Turlington-e-tornata-da-@giorgioarmani-dopo-piu-di-30-anni.@cturlington-e-stata-tra-i-vo-2-768x1024.jpg\" alt=\"\" width=\"768\" height=\"1024\" \/><\/p>\n<p>Modelja nuk \u00ebsht\u00eb thjesht pjes\u00eb e nj\u00eb historie t\u00eb kaluar t\u00eb Armani-t. Prania e saj krijon nj\u00eb lidhje mes dy momenteve t\u00eb ndryshme t\u00eb sht\u00ebpis\u00eb: asaj q\u00eb njoh\u00ebm n\u00eb vitet \u201990 dhe asaj q\u00eb po shohim sot. Fushata \u00ebsht\u00eb gjithashtu e para p\u00ebr koleksionin Giorgio Armani pas largimit t\u00eb stilistit nga drejtimi i p\u00ebrditsh\u00ebm i sht\u00ebpis\u00eb dhe vjen n\u00eb nj\u00eb moment t\u00eb ri p\u00ebr mark\u00ebn. Silvana Armani dhe Leo Dell\u2019Orco kan\u00eb marr\u00eb p\u00ebrsip\u00ebr t\u00eb vazhdojn\u00eb drejtimin krijues dhe stilistik t\u00eb koleksionit.<\/p>\n<p><img loading=\"lazy\" loading=\"lazy\" decoding=\"async\" class=\"alignnone size-large wp-image-4181\" src=\"https:\/\/thelb.al\/wp-content\/uploads\/2026\/08\/Christy-Turlington-e-tornata-da-@giorgioarmani-dopo-piu-di-30-anni.@cturlington-e-stata-tra-i-vo-3-768x1024.jpg\" alt=\"\" width=\"768\" height=\"1024\" \/><\/p>\n<p>N\u00eb k\u00ebt\u00eb kontekst, gjedhja e Christy-t merr nj\u00eb tjet\u00ebr kuptim. Ajo nuk ka nevoj\u00eb ta shpjegoj\u00eb Armani-n, mjafton t\u00eb jet\u00eb p\u00ebrpara aparatit fotografik.<\/p>\n<p>Pas m\u00eb shum\u00eb se 30 vitesh, Christy Turlington nuk rikthehet p\u00ebr t\u00eb p\u00ebrs\u00ebritur nj\u00eb moment t\u00eb vjet\u00ebr. Rikthimi i saj na tregon se disa marr\u00ebdh\u00ebnie n\u00eb mod\u00eb mund t\u00eb kalojn\u00eb koh\u00ebn pa humbur kuptimin. Ndonj\u00ebher\u00eb, nj\u00eb prej m\u00ebnyrave m\u00eb elegante p\u00ebr t\u00eb par\u00eb p\u00ebrpara \u00ebsht\u00eb t\u00eb dish \u00e7far\u00eb ia vlen t\u00eb marr\u00ebsh me vete nga e kaluara.<\/p>\n<p><strong>-THELB,\u00a0<\/strong><\/p>\n","protected":false},"excerpt":{"rendered":"<p>Ka disa rikthime q\u00eb nuk kan\u00eb nevoj\u00eb p\u00ebr shum\u00eb shpjegime. Kur Christy Turlington shfaqet s\u00ebrish n\u00eb nj\u00eb fushat\u00eb t\u00eb Giorgio Armani-t, pas m\u00eb shum\u00eb se 30 vitesh, nuk \u00ebsht\u00eb thjesht nj\u00eb modele e njohur q\u00eb rikthehet n\u00eb nj\u00eb mark\u00eb me t\u00eb cil\u00ebn ka punuar dikur. \u00cbsht\u00eb nj\u00eb takim i ri me nj\u00eb pjes\u00eb t\u00eb historis\u00eb [&hellip;]<\/p>\n","protected":false},"author":2,"featured_media":4182,"comment_status":"open","ping_status":"open","sticky":false,"template":"","format":"standard","meta":{"footnotes":""},"categories":[39,40],"tags":[],"tmauthors":[64],"class_list":["post-4178","post","type-post","status-publish","format-standard","has-post-thumbnail","category-mode","category-stiliste"],"_links":{"self":[{"href":"https:\/\/thelb.al\/index.php?rest_route=\/wp\/v2\/posts\/4178","targetHints":{"allow":["GET"]}}],"collection":[{"href":"https:\/\/thelb.al\/index.php?rest_route=\/wp\/v2\/posts"}],"about":[{"href":"https:\/\/thelb.al\/index.php?rest_route=\/wp\/v2\/types\/post"}],"author":[{"embeddable":true,"href":"https:\/\/thelb.al\/index.php?rest_route=\/wp\/v2\/users\/2"}],"replies":[{"embeddable":true,"href":"https:\/\/thelb.al\/index.php?rest_route=%2Fwp%2Fv2%2Fcomments&post=4178"}],"version-history":[{"count":1,"href":"https:\/\/thelb.al\/index.php?rest_route=\/wp\/v2\/posts\/4178\/revisions"}],"predecessor-version":[{"id":4183,"href":"https:\/\/thelb.al\/index.php?rest_route=\/wp\/v2\/posts\/4178\/revisions\/4183"}],"wp:featuredmedia":[{"embeddable":true,"href":"https:\/\/thelb.al\/index.php?rest_route=\/wp\/v2\/media\/4182"}],"wp:attachment":[{"href":"https:\/\/thelb.al\/index.php?rest_route=%2Fwp%2Fv2%2Fmedia&parent=4178"}],"wp:term":[{"taxonomy":"category","embeddable":true,"href":"https:\/\/thelb.al\/index.php?rest_route=%2Fwp%2Fv2%2Fcategories&post=4178"},{"taxonomy":"post_tag","embeddable":true,"href":"https:\/\/thelb.al\/index.php?rest_route=%2Fwp%2Fv2%2Ftags&post=4178"},{"taxonomy":"tmauthors","embeddable":true,"href":"https:\/\/thelb.al\/index.php?rest_route=%2Fwp%2Fv2%2Ftmauthors&post=4178"}],"curies":[{"name":"wp","href":"https:\/\/api.w.org\/{rel}","templated":true}]}}