{"id":4185,"date":"2026-08-30T11:29:19","date_gmt":"2026-08-30T11:29:19","guid":{"rendered":"https:\/\/thelb.al\/?p=4185"},"modified":"2026-08-30T13:03:40","modified_gmt":"2026-08-30T13:03:40","slug":"pse-vanity-fair-e-konsideron-papa-leone-xiv-nje-original-te-stilit","status":"publish","type":"post","link":"https:\/\/thelb.al\/?p=4185","title":{"rendered":"Pse Vanity Fair e konsideron Papa Leone XIV nj\u00eb \u2018Original\u2019 t\u00eb stilit?"},"content":{"rendered":"<p>Vanity Fair US e ka p\u00ebrfshir\u00eb Papa Leone XIV n\u00eb list\u00ebn e saj \u2018Best Dressed 2026\u2019,<\/p>\n<p>Revista amerikane e ka rikthyer k\u00ebt\u00eb list\u00eb pas nj\u00eb dekade dhe, n\u00eb vend q\u00eb t\u00eb krijoj\u00eb vet\u00ebm nj\u00eb renditje klasike, ka zgjedhur t\u2019i ndaj\u00eb figurat n\u00eb pes\u00eb kategori: \u2018Originals\u2019, \u2018Perennials\u2019, \u2018Professionals\u2019, \u2018Duos\u2019 dhe &#8216;The Futur\u2019.<\/p>\n<p>Papa \u00ebsht\u00eb pjes\u00eb e kategoris\u00eb \u2018Originals\u2019, ku revista p\u00ebrfshin njer\u00ebz me nj\u00eb stil personal, t\u00eb dalluesh\u00ebm dhe t\u00eb papritur. \u00c7far\u00eb pa Vanity Fair te m\u00ebnyra e veshjes s\u00eb Leone ?<\/p>\n<p>N\u00eb nj\u00eb list\u00eb mode, emri i Papa Leo XIV nuk \u00ebsht\u00eb ai q\u00eb do t\u00eb prisnim t\u00eb shihnim e aq m\u00eb tep\u00ebr pran\u00eb Bj\u00f6rk, Rosal\u00eda, Spike Lee apo Sandy Powell. Vanity Fair e p\u00ebrshkruan k\u00ebt\u00eb kategori si njer\u00ebz me m\u00ebnyra t\u00eb pazakonta t\u00eb t\u00eb veshurit, q\u00eb sjellin surpriz\u00eb dhe, mbi t\u00eb gjitha, kan\u00eb nj\u00eb pik\u00ebpamje t\u00eb ve\u00e7ant\u00eb personale.<\/p>\n<p>Veshja e nj\u00eb pape \u00ebsht\u00eb ndoshta nj\u00eb nga format m\u00eb t\u00eb kodifikuara t\u00eb veshjes publike. Nuk \u00ebsht\u00eb nj\u00eb gard\u00ebrob\u00eb q\u00eb ndryshon sipas trendeve, ajo lidhet me funksionin, tradit\u00ebn dhe simbolik\u00ebn e rolit. P\u00ebr k\u00ebt\u00eb arsye, \u00e7do detaj q\u00eb del jasht\u00eb kodit t\u00eb zakonsh\u00ebm b\u00ebhet m\u00eb i duksh\u00ebm.<\/p>\n<p><img loading=\"lazy\" loading=\"lazy\" decoding=\"async\" class=\"alignnone size-large wp-image-4187\" src=\"https:\/\/thelb.al\/wp-content\/uploads\/2026\/08\/vatican-news-pope-leo-682x1024.png\" alt=\"\" width=\"682\" height=\"1024\" \/><\/p>\n<p>Vanity Fair ve\u00e7on si pamjen m\u00eb karakteristike t\u00eb Leone XIV nj\u00eb fotografi ku ai shfaqet me veshjen e bardh\u00eb papnore dhe nj\u00eb pal\u00eb atlete Nike. Kontrasti mes nj\u00eb veshjeje kaq formale dhe nj\u00eb pale atletesh sportive \u00ebsht\u00eb pik\u00ebrisht ajo q\u00eb e b\u00ebri imazhin t\u00ebrheq\u00ebs. Sipas Vanity Fair, kjo nuk \u00ebsht\u00eb krejt e shk\u00ebputur nga m\u00ebnyra se si Leone XIV vishej edhe para se t\u00eb b\u00ebhej Pap\u00eb. Kur ishte ende kardinal Robert Prevost, i njohur edhe si \u2018Father Bob\u2019, ai kishte nj\u00eb qasje m\u00eb pak formale ndaj veshjes s\u00eb tij t\u00eb p\u00ebrditshme.<\/p>\n<p>Imazhi ishte aq i pazakont\u00eb sa, kur u shfaq p\u00ebr her\u00eb t\u00eb par\u00eb, shum\u00eb njer\u00ebz n\u00eb internet dyshuan se ishte i rrem\u00eb. Konteksti i inteligjenc\u00ebs artificiale e b\u00ebri edhe m\u00eb t\u00eb leht\u00eb k\u00ebt\u00eb dyshim duke qen\u00eb se vet\u00ebm pak vite m\u00eb par\u00eb, nj\u00eb imazh i krijuar me AI i Papa Fran\u00e7eskut me nj\u00eb xhaket\u00eb t\u00eb bardh\u00eb Balenciaga ishte b\u00ebr\u00eb viral. Por k\u00ebt\u00eb her\u00eb fotografia ishte reale.<\/p>\n<p>Atletet, megjithat\u00eb, nuk ishin nj\u00eb model i zgjedhur rast\u00ebsisht. B\u00ebhet fjal\u00eb p\u00ebr nj\u00eb pal\u00eb Nike retro, nj\u00eb model i viteve \u201970 q\u00eb nuk prodhohet m\u00eb. Ky detaj e b\u00ebri edhe m\u00eb interesant imazhin sepse nuk ishte nj\u00eb pal\u00eb atlete t\u00eb reja, t\u00eb zgjedhura p\u00ebr t\u00eb ndjekur nj\u00eb trend, por nj\u00eb model me nj\u00eb histori t\u00eb vet\u00ebn. Gjithashtu, n\u00eb daljet e tij publike, ai ka preferuar her\u00eb pas here k\u00ebpuc\u00eb t\u00eb zeza Oxford n\u00eb vend t\u00eb k\u00ebpuc\u00ebve tradicionale t\u00eb kuqe papnore. Mban nj\u00eb or\u00eb quartz zvicerane t\u00eb nj\u00eb marke q\u00eb nuk prodhohet m\u00eb, ka vazhduar t\u00eb p\u00ebrdor\u00eb nj\u00eb \u00e7ant\u00eb t\u00eb vjet\u00ebr dhe n\u00eb qershor 2025, u shfaq n\u00eb Sheshin e Sh\u00ebn Pjetrit me nj\u00eb kapel\u00eb Chicago White Sox.<\/p>\n<p>Jan\u00eb pik\u00ebrisht k\u00ebto detaje q\u00eb Vanity Fair ka p\u00ebrfshir\u00eb n\u00eb leximin e stilit t\u00eb tij. Revista e p\u00ebrshkruan k\u00ebt\u00eb qasje si <strong>\u2018<\/strong>wry casualness\u2019, nj\u00eb m\u00ebnyr\u00eb disi e \u00e7lir\u00ebt dhe m\u00eb pak solemne p\u00ebr t\u2019u veshur, edhe pse vet\u00eb roli q\u00eb ai p\u00ebrfaq\u00ebson \u00ebsht\u00eb nd\u00ebr m\u00eb formal\u00ebt q\u00eb ekzistojn\u00eb.<\/p>\n<p><img loading=\"lazy\" loading=\"lazy\" decoding=\"async\" class=\"alignnone size-large wp-image-4188\" src=\"https:\/\/thelb.al\/wp-content\/uploads\/2026\/08\/2cc11d6a-3b41-4ddb-bc3c-1c49ab975167-683x1024.jpeg\" alt=\"\" width=\"683\" height=\"1024\" \/><\/p>\n<p>Sigurisht q\u00eb kjo nuk vjen nga ndryshimi i veshjes papnore, por nga m\u00ebnyra se si elementet personale futen brenda saj. Nj\u00eb pap\u00eb nuk mund t\u00eb shfaqet thjesht si \u00e7do burr\u00eb tjet\u00ebr n\u00eb rrug\u00eb, por brenda nj\u00eb imazhi jasht\u00ebzakonisht formal, nj\u00eb pal\u00eb atlete apo nj\u00eb kapel\u00eb bejsbolli b\u00ebhen menj\u00ebher\u00eb shenja personale. N\u00eb nj\u00eb far\u00eb m\u00ebnyre, ato i tregojn\u00eb publikut se kush \u00ebsht\u00eb personi brenda rolit.<\/p>\n<p>Marr\u00ebdh\u00ebnia mes mod\u00ebs dhe veshjes fetare nuk \u00ebsht\u00eb aspak e re. Veshjet kishtare kan\u00eb frym\u00ebzuar stilist\u00eb p\u00ebr dekada, pik\u00ebrisht sepse kan\u00eb nj\u00eb gjuh\u00eb t\u00eb fuqishme vizuale, ngjyra, materiale, silueta, q\u00ebndisje, volum dhe ceremonialitet. Moda ka p\u00ebrdorur vazhdimisht simbolik\u00ebn katolike si material estetik dhe kulturor. Ekspozita <em>Heavenly Bodies, Fashion and the Catholic Imagination<\/em>, e organizuar nga Metropolitan Museum of Art n\u00eb vitin 2018, ishte nj\u00eb nga shembujt m\u00eb t\u00eb duksh\u00ebm t\u00eb k\u00ebtij dialogu.<\/p>\n<p>Pra, interesi i mod\u00ebs p\u00ebr papatin nuk fillon me Leone XIV, por ajo q\u00eb ndryshon \u00ebsht\u00eb m\u00ebnyra se si figura e Pap\u00ebs qarkullon sot, n\u00eb kultur\u00ebn e imazhit.\u00a0 Nj\u00eb pap\u00eb i shekullit XXI nuk ekziston vet\u00ebm brenda hap\u00ebsir\u00ebs s\u00eb institucionit q\u00eb p\u00ebrfaq\u00ebson. Ai ekziston edhe n\u00eb fotografi, video, rrjete sociale dhe n\u00eb kultur\u00ebn vizuale t\u00eb p\u00ebrditshme. Kjo e ndryshon marr\u00ebdh\u00ebnien e publikut me t\u00eb.<\/p>\n<p>Nj\u00eb imazh i Pap\u00ebs mund t\u00eb trajtohet si lajm politik, si dokument fetar, si fotografi historike ose, papritur, si referenc\u00eb stili. Nj\u00eb pal\u00eb atlete u b\u00ebn\u00eb objekt diskutimi, m\u00eb pas u b\u00ebn\u00eb pjes\u00eb e bot\u00ebs s\u00eb internetit dhe tani jan\u00eb pjes\u00eb e m\u00ebnyr\u00ebs se si nj\u00eb revist\u00eb si Vanity Fair e p\u00ebrshkruan stilin e tij.<\/p>\n<p>Pse pik\u00ebrisht \u2018Original\u2019? Vanity Fair nuk po e paraqet at\u00eb si nj\u00eb ikon\u00eb mode dhe as nuk po e vendos n\u00eb gar\u00eb me stilist\u00ebt, aktor\u00ebt apo muzikant\u00ebt. Ajo ka v\u00ebn\u00eb re di\u00e7ka shum\u00eb m\u00eb konkrete: m\u00ebnyr\u00ebn se si disa zgjedhje personale jan\u00eb b\u00ebr\u00eb pjes\u00eb e imazhit t\u00eb tij. Nj\u00eb pap\u00eb nuk ka luksin t\u00eb nd\u00ebrtoj\u00eb nj\u00eb garderob\u00eb sipas trendeve. Veshja e tij \u00ebsht\u00eb e p\u00ebrcaktuar nga kodet. Megjithat\u00eb, edhe brenda k\u00ebtye kodeve, disa zgjedhje mund t\u00eb tregojn\u00eb di\u00e7ka m\u00eb shum\u00eb p\u00ebr personin. N\u00eb rastin e Leone XIV, ato kan\u00eb qen\u00eb mjaftuesh\u00ebm t\u00eb dukshme sa t\u00eb t\u00ebrheqin v\u00ebmendjen e Vanity Fair US.<\/p>\n<p><strong>-THELB,<\/strong><\/p>\n","protected":false},"excerpt":{"rendered":"<p>Vanity Fair US e ka p\u00ebrfshir\u00eb Papa Leone XIV n\u00eb list\u00ebn e saj \u2018Best Dressed 2026\u2019, Revista amerikane e ka rikthyer k\u00ebt\u00eb list\u00eb pas nj\u00eb dekade dhe, n\u00eb vend q\u00eb t\u00eb krijoj\u00eb vet\u00ebm nj\u00eb renditje klasike, ka zgjedhur t\u2019i ndaj\u00eb figurat n\u00eb pes\u00eb kategori: \u2018Originals\u2019, \u2018Perennials\u2019, \u2018Professionals\u2019, \u2018Duos\u2019 dhe &#8216;The Futur\u2019. Papa \u00ebsht\u00eb pjes\u00eb e [&hellip;]<\/p>\n","protected":false},"author":2,"featured_media":4186,"comment_status":"open","ping_status":"open","sticky":false,"template":"","format":"standard","meta":{"footnotes":""},"categories":[38,57],"tags":[],"tmauthors":[64],"class_list":["post-4185","post","type-post","status-publish","format-standard","has-post-thumbnail","category-editorial","category-jetese"],"_links":{"self":[{"href":"https:\/\/thelb.al\/index.php?rest_route=\/wp\/v2\/posts\/4185","targetHints":{"allow":["GET"]}}],"collection":[{"href":"https:\/\/thelb.al\/index.php?rest_route=\/wp\/v2\/posts"}],"about":[{"href":"https:\/\/thelb.al\/index.php?rest_route=\/wp\/v2\/types\/post"}],"author":[{"embeddable":true,"href":"https:\/\/thelb.al\/index.php?rest_route=\/wp\/v2\/users\/2"}],"replies":[{"embeddable":true,"href":"https:\/\/thelb.al\/index.php?rest_route=%2Fwp%2Fv2%2Fcomments&post=4185"}],"version-history":[{"count":3,"href":"https:\/\/thelb.al\/index.php?rest_route=\/wp\/v2\/posts\/4185\/revisions"}],"predecessor-version":[{"id":4191,"href":"https:\/\/thelb.al\/index.php?rest_route=\/wp\/v2\/posts\/4185\/revisions\/4191"}],"wp:featuredmedia":[{"embeddable":true,"href":"https:\/\/thelb.al\/index.php?rest_route=\/wp\/v2\/media\/4186"}],"wp:attachment":[{"href":"https:\/\/thelb.al\/index.php?rest_route=%2Fwp%2Fv2%2Fmedia&parent=4185"}],"wp:term":[{"taxonomy":"category","embeddable":true,"href":"https:\/\/thelb.al\/index.php?rest_route=%2Fwp%2Fv2%2Fcategories&post=4185"},{"taxonomy":"post_tag","embeddable":true,"href":"https:\/\/thelb.al\/index.php?rest_route=%2Fwp%2Fv2%2Ftags&post=4185"},{"taxonomy":"tmauthors","embeddable":true,"href":"https:\/\/thelb.al\/index.php?rest_route=%2Fwp%2Fv2%2Ftmauthors&post=4185"}],"curies":[{"name":"wp","href":"https:\/\/api.w.org\/{rel}","templated":true}]}}