{"id":4192,"date":"2026-08-30T19:48:18","date_gmt":"2026-08-30T19:48:18","guid":{"rendered":"https:\/\/thelb.al\/?p=4192"},"modified":"2026-08-30T19:48:18","modified_gmt":"2026-08-30T19:48:18","slug":"celine-pertej-sezonit","status":"publish","type":"post","link":"https:\/\/thelb.al\/?p=4192","title":{"rendered":"Celine, p\u00ebrtej sezonit"},"content":{"rendered":"<p>Ka disa imazhe mode q\u00eb t\u00eb b\u00ebjn\u00eb t\u00eb ndalosh sepse t\u00eb duken \u00e7udit\u00ebrisht t\u00eb njohura.<\/p>\n<p>Kjo \u00ebsht\u00eb ndjesia q\u00eb ke kur sheh pjes\u00eb t\u00eb koleksionit t\u00eb Celine p\u00ebr dimrin 2026. Ka di\u00e7ka aty q\u00eb t\u00eb kujton fotografit\u00eb e nj\u00eb kohe tjet\u00ebr. Parisi, nj\u00eb bi\u00e7iklet\u00eb, nj\u00eb pallto e mbajtur n\u00eb dor\u00eb, nj\u00eb \u00e7ant\u00eb l\u00ebkure, nj\u00eb kapele, nj\u00eb shall m\u00ebndafshi. Jo nj\u00eb rikthim retro n\u00eb kuptimin e zakonsh\u00ebm t\u00eb fjal\u00ebs, por nj\u00eb bot\u00eb nj\u00eb bot\u00eb e njohur dhe jo e lidhur me nj\u00eb koh\u00eb t\u00eb caktuar.<\/p>\n<p><img loading=\"lazy\" loading=\"lazy\" decoding=\"async\" class=\"alignnone size-large wp-image-4194\" src=\"https:\/\/thelb.al\/wp-content\/uploads\/2026\/08\/1-768x1024.jpg\" alt=\"\" width=\"768\" height=\"1024\" \/><\/p>\n<p>N\u00eb vizionin e ri t\u00eb Celine p\u00ebrmes \u00a0Michael Rider veshjet dhe objektet q\u00eb nuk duken t\u00eb krijuara vet\u00ebm p\u00ebr t\u00eb identifikuar nj\u00eb sezon. N\u00eb t\u00eb v\u00ebrtet\u00eb nj\u00eb veshje nuk ka nevoj\u00eb t\u00eb jet\u00eb ekstravagante p\u00ebr t\u00eb qen\u00eb interesante apo t\u00eb ket\u00eb nj\u00eb logo t\u00eb dukshme ose t\u00eb b\u00ebrtas\u00eb sezonin. Cil\u00ebsia mund t\u00eb lexohet n\u00eb tekstur\u00eb, n\u00eb form\u00eb, n\u00eb ngjyr\u00eb, n\u00eb prerje dhe n\u00eb m\u00ebnyr\u00ebn se si nj\u00eb objekt e mban identitetin e vet pa pasur nevoj\u00eb ta shpall\u00eb.<\/p>\n<p>Te Celine, k\u00ebt\u00eb dim\u00ebr, kjo ide shfaqet ve\u00e7an\u00ebrisht qart\u00eb te aksesor\u00ebt. \u00c7antat jan\u00eb nd\u00ebr gj\u00ebrat q\u00eb t\u00eb ndalin m\u00eb gjat\u00eb. Disa prej tyre kan\u00eb at\u00eb cil\u00ebsi t\u00eb rrall\u00eb t\u00eb objekteve q\u00eb nuk duken t\u00eb lidhura me nj\u00eb dat\u00eb t\u00eb caktuar. Format e tyre t\u00eb kujtojn\u00eb nj\u00eb tjet\u00ebr koh\u00eb, por nuk duken si rikrijime muzeale. Ka versione q\u00eb sjellin n\u00eb mendje \u00e7antat klasike t\u00eb nj\u00eb garderobe t\u00eb vjet\u00ebr, pa u kthyer n\u00eb nostalgji t\u00eb drejtp\u00ebrdrejt\u00eb.<\/p>\n<p>Ajo q\u00eb Michael Rider po b\u00ebn me Celine nuk duket se k\u00ebrkon t\u00eb shk\u00ebputet nga historia e sht\u00ebpis\u00eb p\u00ebr t\u00eb shpikur nj\u00eb identitet t\u00eb ri. P\u00ebrkundrazi, po k\u00ebrkon t\u00eb kuptoj\u00eb se cilat prej kodeve t\u00eb saj mund t\u00eb vazhdojn\u00eb t\u00eb jetojn\u00eb.<\/p>\n<p><img loading=\"lazy\" loading=\"lazy\" decoding=\"async\" class=\"alignnone size-large wp-image-4195\" src=\"https:\/\/thelb.al\/wp-content\/uploads\/2026\/08\/2-768x1024.jpg\" alt=\"\" width=\"768\" height=\"1024\" \/><\/p>\n<p>Kjo \u00ebsht\u00eb e dukshme edhe n\u00eb m\u00ebnyr\u00ebn se si trajtohen aksesor\u00ebt. Kapelet kan\u00eb personalitet, por nuk e pushtojn\u00eb pamjen. Shallet prej m\u00ebndafshi marrin forma m\u00eb ekspresive, ndonj\u00ebri mund t\u00eb q\u00ebndroj\u00eb mbi nj\u00eb pallto t\u00eb zez\u00eb si nj\u00eb nd\u00ebrhyrje e vog\u00ebl ngjyre dhe vendosjeje. Bizhuterit\u00eb nuk jan\u00eb domosdoshm\u00ebrisht t\u00eb destinuara t\u00eb p\u00eblqehen nga t\u00eb gjith\u00eb, disa jan\u00eb m\u00eb t\u00eb \u00e7uditshme, m\u00eb t\u00eb lirshme, me nj\u00eb karakter q\u00eb i jep personazhit nj\u00eb lloj individualiteti. Jo \u00e7do element duhet t\u00eb jet\u00eb i bukur n\u00eb m\u00ebnyr\u00ebn m\u00eb t\u00eb drejtp\u00ebrdrejt\u00eb. Disa duhet thjesht t\u00eb ken\u00eb personalitet.<\/p>\n<p>Rider duket se e kupton mir\u00eb k\u00ebt\u00eb. N\u00eb vend q\u00eb ta nd\u00ebrtoj\u00eb pamjen p\u00ebrmes nj\u00eb teprie elementesh, ai shpesh lejon q\u00eb nj\u00eb detaj t\u00eb b\u00ebj\u00eb pun\u00ebn. Nj\u00eb kapele, nj\u00eb shall, nj\u00eb \u00e7ant\u00eb, nj\u00eb pal\u00eb k\u00ebpuc\u00eb, nj\u00eb ngjyr\u00eb.<\/p>\n<p>E kuqja \u00ebsht\u00eb nj\u00eb prej tyre. Si n\u00eb nj\u00eb telaio ku e zeza, e bardha dhe tonet m\u00eb t\u00eb p\u00ebrmbajtura krijojn\u00eb baz\u00ebn e Celine, e kuqja shfaqet me forc\u00eb, por pa e prishur ekuilibrin. \u00cbsht\u00eb ngjyra q\u00eb t\u00ebrheq syrin pa k\u00ebrkuar t\u00eb marr\u00eb gjith\u00eb sken\u00ebn. Duket si nj\u00eb m\u00ebnyr\u00eb shum\u00eb e mir\u00eb p\u00ebr t\u00eb kuptuar edhe vet\u00eb estetik\u00ebn e Rider-it, klasikja \u00ebsht\u00eb baza, por klasikja nuk duhet t\u00eb jet\u00eb e m\u00ebrzitshme, duhet t\u00eb ket\u00eb karakter.<\/p>\n<p>Kjo \u00ebsht\u00eb ve\u00e7an\u00ebrisht interesante n\u00eb nj\u00eb sht\u00ebpi si Celine. Historia e saj ka kaluar n\u00ebp\u00ebr gjuh\u00eb shum\u00eb t\u00eb ndryshme. Nga rr\u00ebnj\u00ebt e krijuara nga C\u00e9line Vipiana dhe ideja e nj\u00eb garderobe elegante, praktike dhe t\u00eb lidhur me jet\u00ebn e p\u00ebrditshme, te periudha jasht\u00ebzakonisht me ndikim e Phoebe Philo-s, e m\u00eb pas te vizioni m\u00eb rock dhe i nat\u00ebs i Hedi Slimane. Rider vjen pas t\u00eb gjitha k\u00ebtyre kapitujve t\u00eb sht\u00ebpis\u00eb, por nuk duket se k\u00ebrkon t&#8217;i fshij\u00eb.<\/p>\n<p><img loading=\"lazy\" loading=\"lazy\" decoding=\"async\" class=\"alignnone size-large wp-image-4196\" src=\"https:\/\/thelb.al\/wp-content\/uploads\/2026\/08\/6-768x1024.jpg\" alt=\"\" width=\"768\" height=\"1024\" \/><\/p>\n<p>P\u00ebrkundrazi, n\u00eb k\u00ebt\u00eb koleksion duket sikur po k\u00ebrkon t\u00eb gjej\u00eb nj\u00eb ekuilib\u00ebr mes tyre dhe, mbi t\u00eb gjitha, t\u00eb rikthej\u00eb Celine-n te nj\u00eb prej forcave t\u00eb saj m\u00eb t\u00eb vlefshme: rrobat q\u00eb mund t\u00eb jetohen.<\/p>\n<p>Rider ka punuar p\u00ebr nj\u00eb dekad\u00eb n\u00eb Celine gjat\u00eb periudh\u00ebs s\u00eb Philos, p\u00ebrpara se t\u00eb vazhdonte rrug\u00ebtimin e tij n\u00eb Ralph Lauren. Por ajo q\u00eb shohim sot nuk \u00ebsht\u00eb nj\u00eb kopje e Philo-s. N\u00ebse Philo e p\u00ebrdorte shpesh volumin dhe p\u00ebrmas\u00ebn si nj\u00eb m\u00ebnyr\u00eb p\u00ebr t\u00eb krijuar nj\u00eb grua t\u00eb lir\u00eb, t\u00eb sigurt dhe t\u00eb sofistikuar, Rider duket m\u00eb i interesuar p\u00ebr nj\u00eb siluet\u00eb m\u00eb t\u00eb prer\u00eb, m\u00eb t\u00eb kontrolluar, m\u00eb t\u00eb gjat\u00eb dhe m\u00eb t\u00eb strukturuar. Megjithat\u00eb, t\u00eb dy takohen n\u00eb nj\u00eb pik\u00eb t\u00eb r\u00ebnd\u00ebsishme: veshja nuk ka pse t\u00eb b\u00ebrtas\u00eb p\u00ebr t\u00eb pasur autoritet, por te Rider, kjo merr nj\u00eb form\u00eb tjet\u00ebr.<\/p>\n<p>Palltoja, kostumi, pantallonat, k\u00ebpuc\u00ebt dhe \u00e7anta nuk duken si pjes\u00eb t\u00eb nj\u00eb parade trendesh, por si pjes\u00eb t\u00eb nj\u00eb garderobe q\u00eb mund t\u00eb marr\u00eb jet\u00eb jasht\u00eb pasarel\u00ebs. Edhe m\u00ebnyra e prezantimit e forcon k\u00ebt\u00eb ndjesi. Parisi nuk \u00ebsht\u00eb vet\u00ebm sfond; bi\u00e7ikleta, objektet e mbajtura n\u00eb duar dhe aksesor\u00ebt krijojn\u00eb p\u00ebrshtypjen e nj\u00eb jete q\u00eb vazhdon p\u00ebrtej fotografis\u00eb. Rider e ka p\u00ebrdorur edhe m\u00eb her\u00ebt bi\u00e7iklet\u00ebn dhe objekte t\u00eb p\u00ebrditshme si pjes\u00eb t\u00eb k\u00ebsaj ideje t\u00eb veshjes q\u00eb futet n\u00eb jet\u00eb, jo vet\u00ebm n\u00eb imazh.<\/p>\n<p>Moda m\u00eb interesante nuk \u00ebsht\u00eb domosdoshm\u00ebrisht ajo q\u00eb duket m\u00eb shum\u00eb si koha e saj, por ajo q\u00eb mund t\u00eb jetoj\u00eb p\u00ebrtej saj. Nj\u00eb \u00e7ant\u00eb q\u00eb do ta p\u00ebrdorje edhe sot, edhe pse t\u00eb kujton nj\u00eb fotografi t\u00eb vjet\u00ebr. Nj\u00eb pallto q\u00eb nuk ka nevoj\u00eb t\u00eb shpjegoj\u00eb cilit sezon i p\u00ebrket. Nj\u00eb pal\u00eb k\u00ebpuc\u00eb nga koleksioni i ri, t\u00eb veshura me di\u00e7ka q\u00eb e ke prej vitesh n\u00eb garderob\u00eb, mund t&#8217;u shtojn\u00eb vler\u00eb t\u00eb dyjave: s\u00eb res\u00eb i japin nj\u00eb histori q\u00eb nuk e kishte ende, nd\u00ebrsa s\u00eb vjetr\u00ebs i japin nj\u00eb m\u00ebnyr\u00eb t\u00eb re p\u00ebr t&#8217;u par\u00eb. Nj\u00eb shall q\u00eb ndryshon nj\u00eb pamje t\u00eb t\u00ebr\u00eb vet\u00ebm nga m\u00ebnyra se si lidhet.<\/p>\n<p>K\u00ebto nuk jan\u00eb domosdoshm\u00ebrisht gj\u00ebrat q\u00eb b\u00ebjn\u00eb m\u00eb shum\u00eb buj\u00eb, por jan\u00eb ato q\u00eb mund t\u00eb mbeten. Dhe n\u00eb nj\u00eb sezon ku moda ka kaq shum\u00eb nevoj\u00eb t\u00eb na tregoj\u00eb se \u00e7far\u00eb \u00ebsht\u00eb e re, Celine e Michael Rider duket se po b\u00ebn nj\u00eb pyetje m\u00eb interesante: \u00c7far\u00eb ia vlen t\u00eb vazhdoj\u00eb?<\/p>\n<ul>\n<li><strong>THELB, <\/strong><\/li>\n<\/ul>\n<p>&nbsp;<\/p>\n","protected":false},"excerpt":{"rendered":"<p>Ka disa imazhe mode q\u00eb t\u00eb b\u00ebjn\u00eb t\u00eb ndalosh sepse t\u00eb duken \u00e7udit\u00ebrisht t\u00eb njohura. Kjo \u00ebsht\u00eb ndjesia q\u00eb ke kur sheh pjes\u00eb t\u00eb koleksionit t\u00eb Celine p\u00ebr dimrin 2026. Ka di\u00e7ka aty q\u00eb t\u00eb kujton fotografit\u00eb e nj\u00eb kohe tjet\u00ebr. Parisi, nj\u00eb bi\u00e7iklet\u00eb, nj\u00eb pallto e mbajtur n\u00eb dor\u00eb, nj\u00eb \u00e7ant\u00eb l\u00ebkure, nj\u00eb kapele, [&hellip;]<\/p>\n","protected":false},"author":2,"featured_media":4193,"comment_status":"open","ping_status":"open","sticky":false,"template":"","format":"standard","meta":{"footnotes":""},"categories":[39,40],"tags":[],"tmauthors":[64],"class_list":["post-4192","post","type-post","status-publish","format-standard","has-post-thumbnail","category-mode","category-stiliste"],"_links":{"self":[{"href":"https:\/\/thelb.al\/index.php?rest_route=\/wp\/v2\/posts\/4192","targetHints":{"allow":["GET"]}}],"collection":[{"href":"https:\/\/thelb.al\/index.php?rest_route=\/wp\/v2\/posts"}],"about":[{"href":"https:\/\/thelb.al\/index.php?rest_route=\/wp\/v2\/types\/post"}],"author":[{"embeddable":true,"href":"https:\/\/thelb.al\/index.php?rest_route=\/wp\/v2\/users\/2"}],"replies":[{"embeddable":true,"href":"https:\/\/thelb.al\/index.php?rest_route=%2Fwp%2Fv2%2Fcomments&post=4192"}],"version-history":[{"count":1,"href":"https:\/\/thelb.al\/index.php?rest_route=\/wp\/v2\/posts\/4192\/revisions"}],"predecessor-version":[{"id":4197,"href":"https:\/\/thelb.al\/index.php?rest_route=\/wp\/v2\/posts\/4192\/revisions\/4197"}],"wp:featuredmedia":[{"embeddable":true,"href":"https:\/\/thelb.al\/index.php?rest_route=\/wp\/v2\/media\/4193"}],"wp:attachment":[{"href":"https:\/\/thelb.al\/index.php?rest_route=%2Fwp%2Fv2%2Fmedia&parent=4192"}],"wp:term":[{"taxonomy":"category","embeddable":true,"href":"https:\/\/thelb.al\/index.php?rest_route=%2Fwp%2Fv2%2Fcategories&post=4192"},{"taxonomy":"post_tag","embeddable":true,"href":"https:\/\/thelb.al\/index.php?rest_route=%2Fwp%2Fv2%2Ftags&post=4192"},{"taxonomy":"tmauthors","embeddable":true,"href":"https:\/\/thelb.al\/index.php?rest_route=%2Fwp%2Fv2%2Ftmauthors&post=4192"}],"curies":[{"name":"wp","href":"https:\/\/api.w.org\/{rel}","templated":true}]}}