{"id":4198,"date":"2026-08-31T16:27:17","date_gmt":"2026-08-31T16:27:17","guid":{"rendered":"https:\/\/thelb.al\/?p=4198"},"modified":"2026-08-31T16:28:29","modified_gmt":"2026-08-31T16:28:29","slug":"4198","status":"publish","type":"post","link":"https:\/\/thelb.al\/?p=4198","title":{"rendered":"Gjith\u00e7ka q\u00eb duhet t\u00eb dini p\u00ebr Festivalin e Filmit n\u00eb Venecia 2026"},"content":{"rendered":"<p>Ka nj\u00eb moment t\u00eb vitit kur Lido di Venezia ndryshon rit\u00ebm. Qyteti i kanaleve, pallateve dhe gondolave mbetet aty, por p\u00ebr disa dit\u00eb v\u00ebmendja zhvendoset n\u00eb nj\u00eb ishull tjet\u00ebr t\u00eb Venecias, ku kinemaja nd\u00ebrkomb\u00ebtare mb\u00ebrrin me filmat e rinj, regjisor\u00ebt, aktor\u00ebt dhe gjith\u00eb spektaklin q\u00eb e shoq\u00ebron nj\u00eb prej festivaleve m\u00eb t\u00eb r\u00ebnd\u00ebsishme t\u00eb filmit n\u00eb bot\u00eb.<\/p>\n<p>M\u00eb 2 shtator nis edicioni i 83-t\u00eb i Festivalit Nd\u00ebrkomb\u00ebtar t\u00eb Filmit n\u00eb Venecia. Festivali do t\u00eb zhvillohet deri m\u00eb 12 shtator n\u00eb Lido di Venezia, n\u00ebn drejtimin artistik t\u00eb Alberto Barbera-s.<\/p>\n<p>Venecia \u00ebsht\u00eb festivali m\u00eb i vjet\u00ebr nd\u00ebr festivalet kryesore nd\u00ebrkomb\u00ebtare t\u00eb filmit dhe nj\u00eb prej atyre q\u00eb kan\u00eb fituar nj\u00eb rol t\u00eb ve\u00e7ant\u00eb edhe p\u00ebrtej vet\u00eb kinemas\u00eb. \u00c7do vit, Lido b\u00ebhet nj\u00eb pik\u00eb takimi mes autor\u00ebve, industris\u00eb s\u00eb filmit, kritik\u00ebs, fotograf\u00ebve dhe yjeve t\u00eb Hollywood-it. Por r\u00ebnd\u00ebsia e festivalit nuk q\u00ebndron vet\u00ebm te emrat q\u00eb mb\u00ebrrijn\u00eb n\u00eb tapetin e kuq. Venecia \u00ebsht\u00eb gjithashtu nj\u00eb nga vendet ku fillojn\u00eb t\u00eb formohen pritshm\u00ebrit\u00eb p\u00ebr sezonin e \u00e7mimeve, p\u00ebrfshir\u00eb gar\u00ebn drejt Oscar-it.<\/p>\n<p><img loading=\"lazy\" loading=\"lazy\" decoding=\"async\" class=\"alignnone size-full wp-image-4201\" src=\"https:\/\/thelb.al\/wp-content\/uploads\/2026\/08\/venice-film-festival-transfer-1024x572-1.jpeg\" alt=\"\" width=\"1024\" height=\"572\" \/><\/p>\n<p>Edicioni i k\u00ebtij viti hapet m\u00eb 2 shtator me <em>Ink<\/em>, filmin e ri t\u00eb Danny Boyle, me Jack O\u2019Connell, Guy Pearce dhe Claire Foy. Filmi, q\u00eb do t\u00eb shfaqet premier\u00eb bot\u00ebrore n\u00eb Sala Grande, rikthehet n\u00eb vitin 1969 dhe n\u00eb historin\u00eb e Rupert Murdoch dhe Larry Lamb, n\u00eb momentin kur gazeta <em>The Sun<\/em> po merrte form\u00ebn q\u00eb do ta kthente n\u00eb nj\u00eb nga gazetat m\u00eb t\u00eb shitura n\u00eb bot\u00eb.<\/p>\n<p>Por ceremonia e hapjes do t\u00eb ket\u00eb edhe nj\u00eb tjet\u00ebr protagonist t\u00eb madh. George Clooney do t\u00eb marr\u00eb Luanin e Art\u00eb p\u00ebr Arritje n\u00eb Karrier\u00eb, nd\u00ebrsa aktorja Laura Dern do t\u00eb mbaj\u00eb fjalimin e nderimit p\u00ebr t\u00eb gjat\u00eb ceremonis\u00eb s\u00eb hapjes m\u00eb 2 shtator. Clooney, i cili ka qen\u00eb n\u00eb Venecia shum\u00eb her\u00eb gjat\u00eb karrier\u00ebs s\u00eb tij, nderohet k\u00ebt\u00eb her\u00eb p\u00ebr nj\u00eb rrug\u00ebtim q\u00eb e ka par\u00eb t\u00eb kaloj\u00eb nga aktori te regjisori dhe producenti.<\/p>\n<p>Ai nuk do t\u00eb jet\u00eb i vetmi em\u00ebr i madh q\u00eb do t\u00eb marr\u00eb nj\u00eb Luan t\u00eb Art\u00eb. Edicioni i 83-t\u00eb do t\u00eb nderoj\u00eb gjithashtu aktoren Ellen Burstyn me Luanin e Art\u00eb p\u00ebr Arritje n\u00eb Karrier\u00eb.<\/p>\n<p>N\u00ebse Venecia \u00ebsht\u00eb nj\u00eb nga vendet ku kinemaja matet me \u00e7mimet q\u00eb mund t\u00eb vijn\u00eb disa muaj m\u00eb von\u00eb, programi i k\u00ebtij viti ofron mjaft arsye p\u00ebr t\u00eb filluar t\u00eb flitet q\u00eb tani. N\u00eb konkurrenc\u00eb jan\u00eb filma nga autor\u00eb t\u00eb njohur dhe emra q\u00eb rikthehen n\u00eb Lido me projekte t\u00eb reja, nd\u00ebrsa p\u00ebrtej konkursit zyrtar festivali shtrihet n\u00eb nj\u00eb program t\u00eb gjer\u00eb q\u00eb p\u00ebrfshin dokumentar\u00eb, klasik\u00eb, filma jasht\u00eb konkurrimit dhe seksione t\u00eb tjera. La Biennale publikoi programin e plot\u00eb zyrtar m\u00eb 29 gusht.<\/p>\n<p>Nj\u00eb nga filmat q\u00eb pritet t\u00eb t\u00ebrheq\u00eb v\u00ebmendjen \u00ebsht\u00eb <em>Bunker<\/em>, thrilleri dramatik i Florian Zeller, me Pen\u00e9lope Cruz dhe Javier Bardem n\u00eb rolet kryesore. Filmi nis nga historia e nj\u00eb arkitekti q\u00eb pranon t\u00eb nd\u00ebrtoj\u00eb nj\u00eb bunker p\u00ebr nj\u00eb miliarder t\u00eb teknologjis\u00eb dhe nga m\u00ebnyra se si ky projekt fillon t\u00eb v\u00ebr\u00eb n\u00eb pik\u00ebpyetje martes\u00ebn e tij. <em>Bunker<\/em> do t\u00eb shfaqet n\u00eb konkurs m\u00eb 8 shtator.<\/p>\n<p>Nj\u00eb tjet\u00ebr film q\u00eb ka t\u00ebrhequr v\u00ebmendjen q\u00eb p\u00ebrpara festivalit \u00ebsht\u00eb <em>Primetime<\/em>, debutimi artistik i Lance Oppenheim, me Robert Pattinson n\u00eb rolin kryesor. Pattinson interpreton gazetarin televiziv Chris Hansen dhe filmi hyn n\u00eb konkursin Venezia 83 m\u00eb 5 shtator.<\/p>\n<p><img loading=\"lazy\" loading=\"lazy\" decoding=\"async\" class=\"alignnone size-large wp-image-4202\" src=\"https:\/\/thelb.al\/wp-content\/uploads\/2026\/08\/Venice-International-Film-Festival-Helitaly-scaled-1-1024x683.webp\" alt=\"\" width=\"1024\" height=\"683\" \/><\/p>\n<p>Edhe kinemaja italiane do t\u00eb ket\u00eb nj\u00eb moment t\u00eb ve\u00e7ant\u00eb. Luca Guadagnino rikthehet n\u00eb Venecia me <em>JOIE DE VIVRE<\/em>, nj\u00eb vep\u00ebr dokumentare n\u00eb dy pjes\u00eb kushtuar Bernardo Bertolucci-t, nj\u00eb prej autor\u00ebve m\u00eb t\u00eb r\u00ebnd\u00ebsish\u00ebm t\u00eb kinemas\u00eb italiane t\u00eb shekullit XX. Guadagnino e p\u00ebrshkruan projektin si nj\u00eb let\u00ebr dashurie p\u00ebr Bertolucci-n, duke e par\u00eb kineman\u00eb, artin dhe jet\u00ebn e tij p\u00ebrmes d\u00ebshmive dhe reflektimeve t\u00eb figurave t\u00eb tjera t\u00eb kinemas\u00eb. Dy pjes\u00ebt kan\u00eb nj\u00eb koh\u00ebzgjatje prej m\u00eb shum\u00eb se shtat\u00eb or\u00ebsh n\u00eb total dhe do t\u00eb shfaqen n\u00eb programin Venice Open.<\/p>\n<p>N\u00eb qend\u00ebr t\u00eb festivalit do t\u00eb jet\u00eb edhe Maggie Gyllenhaal. Aktorja, regjisore, skenariste dhe producente amerikane do t\u00eb drejtoj\u00eb jurin\u00eb nd\u00ebrkomb\u00ebtare t\u00eb konkursit Venezia 83, e cila do t\u00eb vendos\u00eb p\u00ebr Luanin e Art\u00eb dhe \u00e7mimet e tjera kryesore m\u00eb 12 shtator. Gyllenhaal vjen n\u00eb k\u00ebt\u00eb rol pas suksesit t\u00eb <em>The Lost Daughter<\/em>, q\u00eb fitoi \u00e7mimin p\u00ebr skenarin m\u00eb t\u00eb mir\u00eb n\u00eb Venecia n\u00eb vitin 2021, dhe pas filmit t\u00eb saj t\u00eb ri <em>The Bride!<\/em>.<\/p>\n<p>Juria e k\u00ebtij viti \u00ebsht\u00eb gjithashtu nd\u00ebrkomb\u00ebtare n\u00eb p\u00ebrb\u00ebrjen e saj, me regjisor\u00eb dhe figura t\u00eb kultur\u00ebs nga vende t\u00eb ndryshme: Kaouther Ben Hania nga Tunizia, artisti dhe kompozitori Daniel Blumberg, profesori italian Francesco Casetti, regjisori francez Xavier Giannoli, regjisorja afgane Shahrbanoo Sadat dhe regjisori e producenti nga Hong Kongu Johnnie To.<\/p>\n<p>Por p\u00ebrtej filmave dhe yjeve, Venecia ka edhe nj\u00eb histori tjet\u00ebr q\u00eb e b\u00ebn k\u00ebt\u00eb festival t\u00eb ve\u00e7ant\u00eb: marr\u00ebdh\u00ebnien e tij me vet\u00eb vendin ku zhvillohet. Kur mendojm\u00eb p\u00ebr Venecian, zakonisht imagjinojm\u00eb Piazza San Marco-n, Rialton dhe kanalet e qytetit historik. Festivali, megjithat\u00eb, zhvillohet n\u00eb Lido, ishulli i gjat\u00eb q\u00eb shtrihet p\u00ebrball\u00eb lagun\u00ebs. P\u00ebr disa dit\u00eb, hotelet, moli, varkat dhe rrug\u00ebt e Lidos b\u00ebhen pjes\u00eb e t\u00eb nj\u00ebjtit spektak\u00ebl.<\/p>\n<p><img loading=\"lazy\" loading=\"lazy\" decoding=\"async\" class=\"alignnone size-large wp-image-4204\" src=\"https:\/\/thelb.al\/wp-content\/uploads\/2026\/08\/venice-film-festival-1-1024x768.webp\" alt=\"\" width=\"1024\" height=\"768\" \/><\/p>\n<p>\u00cbsht\u00eb pik\u00ebrisht k\u00ebtu ku yjet mb\u00ebrrijn\u00eb me varka private, fotograf\u00ebt presin n\u00eb mol, makinat kalojn\u00eb drejt tapetit t\u00eb kuq dhe nj\u00eb qytet bregdetar shnd\u00ebrrohet p\u00ebrkoh\u00ebsisht n\u00eb qend\u00ebr t\u00eb industris\u00eb nd\u00ebrkomb\u00ebtare t\u00eb filmit. Hotel Excelsior, p\u00ebrball\u00eb Palazzo del Cinema, \u00ebsht\u00eb nj\u00eb prej pikave tradicionale t\u00eb k\u00ebtij rituali. Dhe ndryshe nga qendra historike e Venecias, n\u00eb Lido lejohen edhe automjetet, duke i dh\u00ebn\u00eb festivalit nj\u00eb rit\u00ebm krejt tjet\u00ebr.<\/p>\n<p>Por Venecia e vitit 2026 nuk vjen vet\u00ebm me tapetin e kuq. Edicioni i k\u00ebtij viti ka edhe disa \u00e7\u00ebshtje q\u00eb e b\u00ebjn\u00eb m\u00eb t\u00eb gjer\u00eb bised\u00ebn rreth festivalit: nga m\u00ebnyra se si filmat hyjn\u00eb n\u00eb gar\u00ebn p\u00ebr Oscar-in, te p\u00ebrfaq\u00ebsimi i grave n\u00eb konkurrenc\u00ebn kryesore dhe debatet q\u00eb shoq\u00ebrojn\u00eb disa prej filmave t\u00eb p\u00ebrzgjedhur.<\/p>\n<p>N\u00eb konkursin Venezia 83, vet\u00ebm nj\u00eb nga 21 filmat \u00ebsht\u00eb drejtuar nga nj\u00eb grua: <em>Woman Unknown<\/em> e regjisores daneze May el-Toukhy. Filmi do t\u00eb shfaqet m\u00eb 6 shtator.<\/p>\n<p>Kontrasti \u00ebsht\u00eb ve\u00e7an\u00ebrisht interesant k\u00ebt\u00eb vit, n\u00eb krye t\u00eb juris\u00eb \u00ebsht\u00eb nj\u00eb grua q\u00eb ka kaluar nga aktrimi te regjisura dhe autor\u00ebsia, nd\u00ebrsa prania e grave pas kamer\u00ebs n\u00eb konkursin kryesor mbetet ende shum\u00eb e kufizuar.<\/p>\n<p>N\u00eb nj\u00eb festival ku programi \u00ebsht\u00eb aq i gjer\u00eb sa mund t\u00eb jet\u00eb e v\u00ebshtir\u00eb t\u00eb kuptosh se ku duhet t\u00eb p\u00ebrqendrohet v\u00ebmendja, THELB ka zgjedhur pes\u00eb figura q\u00eb p\u00ebrfaq\u00ebsojn\u00eb disa prej historive m\u00eb interesante t\u00eb k\u00ebtij edicioni.<\/p>\n<p><img loading=\"lazy\" loading=\"lazy\" decoding=\"async\" class=\"alignnone size-large wp-image-4203\" src=\"https:\/\/thelb.al\/wp-content\/uploads\/2026\/08\/Leone-doro-di-Venezia-1-872x1024.png\" alt=\"\" width=\"872\" height=\"1024\" \/><\/p>\n<p><strong>George Clooney<\/strong> vjen n\u00eb Venecia p\u00ebr t\u00eb marr\u00eb Luanin e Art\u00eb p\u00ebr Arritje n\u00eb Karrier\u00eb, nj\u00eb vler\u00ebsim q\u00eb p\u00ebrmbledh nj\u00eb karrier\u00eb t\u00eb kaluar nga aktrimi te regjisura dhe produksioni.<\/p>\n<p><strong>Maggie Gyllenhaal<\/strong> merr drejtimin e Juris\u00eb s\u00eb Konkursit. Pas nj\u00eb karriere t\u00eb gjat\u00eb si aktore dhe nj\u00eb kalimi t\u00eb suksessh\u00ebm pas kamer\u00ebs me <em>The Lost Daughter<\/em>, ajo k\u00ebt\u00eb her\u00eb do t\u00eb jet\u00eb n\u00eb qend\u00ebr t\u00eb vendimmarrjes artistike t\u00eb festivalit.<\/p>\n<p><strong>Luca Guadagnino<\/strong> sjell n\u00eb Venecia nj\u00eb projekt t\u00eb pazakont\u00eb p\u00ebr nga p\u00ebrmasa dhe ambicia: <em>JOIE DE VIVRE<\/em>, nj\u00eb portret n\u00eb dy pjes\u00eb i Bernardo Bertolucci-t dhe nj\u00eb reflektim mbi nj\u00eb epok\u00eb t\u00eb kinemas\u00eb italiane q\u00eb vazhdon t\u00eb ndikoj\u00eb brezat pas saj.<\/p>\n<p><strong>Pen\u00e9lope Cruz<\/strong> rikthehet n\u00eb Lido p\u00ebrkrah Javier Bardem n\u00eb <em>Bunker<\/em> t\u00eb Florian Zeller, nj\u00eb thriller q\u00eb vendos nj\u00eb marr\u00ebdh\u00ebnie n\u00eb qend\u00ebr t\u00eb frik\u00ebrave dhe pasigurive t\u00eb nj\u00eb bote gjithnj\u00eb e m\u00eb t\u00eb paparashikueshme.<\/p>\n<p>Nd\u00ebrsa <strong>Robert Pattinson<\/strong> vazhdon t\u00eb nd\u00ebrtoj\u00eb nj\u00eb karrier\u00eb larg rrug\u00ebs s\u00eb zakonshme t\u00eb nj\u00eb ylli t\u00eb Hollywood-it, duke zgjedhur bashk\u00ebpunime me disa prej regjisor\u00ebve m\u00eb interesant\u00eb t\u00eb kinemas\u00eb bashk\u00ebkohore. N\u00eb Venecia ai vjen me <em>Primetime<\/em>, debutimin artistik t\u00eb Lance Oppenheim, ku interpreton gazetarin televiziv Chris Hansen.<\/p>\n<p>Pes\u00eb emra, pes\u00eb histori dhe pes\u00eb m\u00ebnyra p\u00ebr t\u00eb par\u00eb nj\u00eb festival q\u00eb, edhe pas m\u00eb shum\u00eb se n\u00ebnt\u00eb dekadash histori, vazhdon t\u00eb jet\u00eb nj\u00eb nga vendet ku kinemaja nuk shfaqet vet\u00ebm n\u00eb ekran, por fillon t\u00eb form\u00ebsoj\u00eb edhe bised\u00ebn q\u00eb do ta ndjek\u00eb at\u00eb p\u00ebr muajt n\u00eb vazhdim.<\/p>\n<p>M\u00eb 2 shtator, Venecia hap siparin. Deri m\u00eb 12 shtator, Lido do t\u00eb jet\u00eb s\u00ebrish vendi ku filmi, autor\u00ebsia, yjet, moda, imazhi dhe industria takohen n\u00eb t\u00eb nj\u00ebjt\u00ebn sken\u00eb. Si \u00e7do vit, pyetja nuk \u00ebsht\u00eb vet\u00ebm se cili film do t\u00eb fitoj\u00eb Luanin e Art\u00eb, por edhe cil\u00ebt prej tyre do t\u00eb vazhdojn\u00eb rrug\u00ebn p\u00ebrtej Venecias?<\/p>\n<p><strong>-THELB,\u00a0<\/strong><\/p>\n<p>&nbsp;<\/p>\n","protected":false},"excerpt":{"rendered":"<p>Ka nj\u00eb moment t\u00eb vitit kur Lido di Venezia ndryshon rit\u00ebm. Qyteti i kanaleve, pallateve dhe gondolave mbetet aty, por p\u00ebr disa dit\u00eb v\u00ebmendja zhvendoset n\u00eb nj\u00eb ishull tjet\u00ebr t\u00eb Venecias, ku kinemaja nd\u00ebrkomb\u00ebtare mb\u00ebrrin me filmat e rinj, regjisor\u00ebt, aktor\u00ebt dhe gjith\u00eb spektaklin q\u00eb e shoq\u00ebron nj\u00eb prej festivaleve m\u00eb t\u00eb r\u00ebnd\u00ebsishme t\u00eb filmit [&hellip;]<\/p>\n","protected":false},"author":2,"featured_media":4199,"comment_status":"open","ping_status":"open","sticky":false,"template":"","format":"standard","meta":{"footnotes":""},"categories":[59,52],"tags":[],"tmauthors":[64],"class_list":["post-4198","post","type-post","status-publish","format-standard","has-post-thumbnail","category-kryesore","category-tv-filma"],"_links":{"self":[{"href":"https:\/\/thelb.al\/index.php?rest_route=\/wp\/v2\/posts\/4198","targetHints":{"allow":["GET"]}}],"collection":[{"href":"https:\/\/thelb.al\/index.php?rest_route=\/wp\/v2\/posts"}],"about":[{"href":"https:\/\/thelb.al\/index.php?rest_route=\/wp\/v2\/types\/post"}],"author":[{"embeddable":true,"href":"https:\/\/thelb.al\/index.php?rest_route=\/wp\/v2\/users\/2"}],"replies":[{"embeddable":true,"href":"https:\/\/thelb.al\/index.php?rest_route=%2Fwp%2Fv2%2Fcomments&post=4198"}],"version-history":[{"count":2,"href":"https:\/\/thelb.al\/index.php?rest_route=\/wp\/v2\/posts\/4198\/revisions"}],"predecessor-version":[{"id":4206,"href":"https:\/\/thelb.al\/index.php?rest_route=\/wp\/v2\/posts\/4198\/revisions\/4206"}],"wp:featuredmedia":[{"embeddable":true,"href":"https:\/\/thelb.al\/index.php?rest_route=\/wp\/v2\/media\/4199"}],"wp:attachment":[{"href":"https:\/\/thelb.al\/index.php?rest_route=%2Fwp%2Fv2%2Fmedia&parent=4198"}],"wp:term":[{"taxonomy":"category","embeddable":true,"href":"https:\/\/thelb.al\/index.php?rest_route=%2Fwp%2Fv2%2Fcategories&post=4198"},{"taxonomy":"post_tag","embeddable":true,"href":"https:\/\/thelb.al\/index.php?rest_route=%2Fwp%2Fv2%2Ftags&post=4198"},{"taxonomy":"tmauthors","embeddable":true,"href":"https:\/\/thelb.al\/index.php?rest_route=%2Fwp%2Fv2%2Ftmauthors&post=4198"}],"curies":[{"name":"wp","href":"https:\/\/api.w.org\/{rel}","templated":true}]}}