{"id":4217,"date":"2026-09-01T15:41:20","date_gmt":"2026-09-01T15:41:20","guid":{"rendered":"https:\/\/thelb.al\/?p=4217"},"modified":"2026-09-01T15:52:57","modified_gmt":"2026-09-01T15:52:57","slug":"paris-fashion-week-kapitulli-i-radhes-per-egzi-ozalan","status":"publish","type":"post","link":"https:\/\/thelb.al\/?p=4217","title":{"rendered":"Paris Fashion Week, kapitulli i radh\u00ebs p\u00ebr Ezgi \u00d6zalan"},"content":{"rendered":"<p><strong>Pas Milanos, stilistja shqiptare sjell koleksionin e saj n\u00eb Paris, n\u00eb nj\u00eb tjet\u00ebr hap t\u00eb r\u00ebnd\u00ebsish\u00ebm t\u00eb rrug\u00ebtimit nd\u00ebrkomb\u00ebtar t\u00eb stilistes.<\/strong><\/p>\n<p>P\u00ebr Ezgi \u00d6zalan, ky \u00ebsht\u00eb nj\u00eb tjet\u00ebr hap n\u00eb nj\u00eb histori q\u00eb po nd\u00ebrtohet gradualisht, koleksion pas koleksioni. Pas prezantimit t\u00eb krijimeve t\u00eb saj n\u00eb Milano Fashion Week, stilistja e re do t\u00eb sjell\u00eb k\u00ebt\u00eb her\u00eb pun\u00ebn e saj n\u00eb Paris Fashion Week, duke e \u00e7uar m\u00eb tej nj\u00eb gjuh\u00eb krijuese e cila q\u00eb prej fillimit \u00ebsht\u00eb mb\u00ebshtetur te eksperimenti, materiali dhe transformimi.<\/p>\n<p>E lindur n\u00eb Stamboll, por e rritur dhe e formuar n\u00eb Shqip\u00ebri, \u00d6zalan ka nd\u00ebrtuar identitetin e saj krijues mes dy kulturave. Formimi n\u00eb kostumografi dhe m\u00eb pas studimet n\u00eb Albanian Design Academy i dhan\u00eb asaj mund\u00ebsin\u00eb t\u00eb njoh\u00eb nga af\u00ebr procesin e nd\u00ebrtimit t\u00eb veshjes, nga kall\u00ebpi dhe prerja te qepja dhe trajtimi i materialit.<\/p>\n<p>Por tekstili ka q\u00ebn\u00eb tipari dallues dhe q\u00eb duket se p\u00ebrcakton m\u00eb shum\u00eb m\u00ebnyr\u00ebn e saj t\u00eb t\u00eb menduarit. N\u00eb vend q\u00eb ta shoh\u00eb p\u00eblhur\u00ebn vet\u00ebm si baz\u00eb t\u00eb nj\u00eb veshjeje, \u00d6zalan e trajton at\u00eb si pik\u00ebnisje t\u00eb krijimit. Materiale t\u00eb zakonshme, madje edhe ato q\u00eb zakonisht mbeten t\u00eb fshehura n\u00eb nj\u00eb veshje, jan\u00eb b\u00ebr\u00eb pjes\u00eb e eksperimenteve t\u00eb saj, duke u transformuar p\u00ebrmes teknikave dhe provave t\u00eb vazhdueshme n\u00eb tekstura dhe sip\u00ebrfaqe t\u00eb reja.<\/p>\n<p><img loading=\"lazy\" loading=\"lazy\" decoding=\"async\" class=\"alignnone size-large wp-image-4219\" src=\"https:\/\/thelb.al\/wp-content\/uploads\/2026\/09\/2175DD6A-6E4D-4791-B87B-5734D5A696BC-682x1024.png\" alt=\"\" width=\"682\" height=\"1024\" \/><\/p>\n<p>N\u00eb pak vite, kjo qasje \u00ebsht\u00eb shnd\u00ebrruar n\u00eb nj\u00eb gjuh\u00eb t\u00eb dallueshme t\u00eb stilistes. \u00d6zalan ka realizuar tre koleksione dhe \u00ebsht\u00eb prezantuar n\u00eb Albania Fashion Week, nd\u00ebrsa p\u00ebrmes Albanian International Fashion Federation krijimet e saj kan\u00eb mb\u00ebrritur n\u00eb Milano Fashion Week e tashm\u00eb edhe n\u00eb Paris Fashion Week. Prezantimet jasht\u00eb Shqip\u00ebris\u00eb i kan\u00eb sjell\u00eb gjithashtu v\u00ebmendjen e disa botimeve nd\u00ebrkomb\u00ebtare t\u00eb mod\u00ebs, mes tyre Harper\u2019s Bazaar, Glamour dhe Elle.<\/p>\n<p>Koleksioni i saj i tret\u00eb, \u2018Elisir, Parajsa e Paarritshme\u2019, u prezantua n\u00eb edicionin e dyt\u00eb t\u00eb Albania Fashion Week n\u00eb prill 2026, duke vijuar eksplorimin e nj\u00eb bote t\u00eb saj krijuese ku natyra, tekstura dhe silueta bashk\u00ebveprojn\u00eb p\u00ebr t\u00eb krijuar nj\u00eb figur\u00eb fem\u00ebrore me karakter dhe identitet.<\/p>\n<p>Tani \u00ebsht\u00eb radha e Parisit!<\/p>\n<p><img loading=\"lazy\" loading=\"lazy\" decoding=\"async\" class=\"alignnone size-large wp-image-3807\" src=\"https:\/\/thelb.al\/wp-content\/uploads\/2026\/07\/SnapInsta.to_641704766_18304138219279577_1484178114930087485_n-819x1024.webp\" alt=\"\" width=\"819\" height=\"1024\" \/><\/p>\n<p>P\u00ebr nj\u00eb stiliste n\u00eb fillimet e karrier\u00ebs, kalimi nga Milano n\u00eb Paris nuk \u00ebsht\u00eb thjesht nj\u00eb ndryshim destinacioni. Jan\u00eb dy kontekste me histori, tradita dhe m\u00ebnyra t\u00eb ndryshme t\u00eb t\u00eb menduarit p\u00ebr mod\u00ebn. P\u00ebr k\u00ebt\u00eb arsye, prezantimi n\u00eb Paris sh\u00ebnon nj\u00eb tjet\u00ebr moment p\u00ebr t\u00eb par\u00eb se si evoluon gjuha e \u00d6zalan kur vendoset p\u00ebrball\u00eb nj\u00eb audience t\u00eb re dhe t\u00eb r\u00ebnd\u00ebsishme nd\u00ebrkomb\u00ebtare.<\/p>\n<p>Ajo vjen n\u00eb Paris me p\u00ebrvoj\u00ebn e fituar gjat\u00eb viteve t\u00eb para t\u00eb pun\u00ebs, por edhe me t\u00eb nj\u00ebjt\u00ebn ide q\u00eb ka qen\u00eb n\u00eb qend\u00ebr t\u00eb krijimtaris\u00eb s\u00eb saj q\u00eb nga fillimi: veshja nuk duhet t\u00eb jet\u00eb vet\u00ebm nj\u00eb form\u00eb e bukur mbi trup. Duhet t\u00eb ket\u00eb nj\u00eb material q\u00eb flet, nj\u00eb tekstur\u00eb q\u00eb b\u00ebn dallim dhe nj\u00eb siluet\u00eb q\u00eb i jep gruas q\u00eb e vesh hap\u00ebsir\u00ebn p\u00ebr t\u00eb treguar historin\u00eb e saj.<\/p>\n<p>Nga Tirana n\u00eb Milano e tani n\u00eb Paris, rrug\u00ebtimi i Egzi \u00d6zalan po kalon n\u00eb nj\u00eb tjet\u00ebr faz\u00eb. \u00c7do ndales\u00eb i ka shtuar nj\u00eb p\u00ebrvoj\u00eb t\u00eb re, por edhe nj\u00eb pjes\u00eb t\u00eb identitetit t\u00eb nj\u00eb marke q\u00eb vazhdon t\u00eb gjej\u00eb form\u00ebn e saj.<\/p>\n<p><strong>-THELB,\u00a0<\/strong><\/p>\n","protected":false},"excerpt":{"rendered":"<p>Pas Milanos, stilistja shqiptare sjell koleksionin e saj n\u00eb Paris, n\u00eb nj\u00eb tjet\u00ebr hap t\u00eb r\u00ebnd\u00ebsish\u00ebm t\u00eb rrug\u00ebtimit nd\u00ebrkomb\u00ebtar t\u00eb stilistes. P\u00ebr Ezgi \u00d6zalan, ky \u00ebsht\u00eb nj\u00eb tjet\u00ebr hap n\u00eb nj\u00eb histori q\u00eb po nd\u00ebrtohet gradualisht, koleksion pas koleksioni. Pas prezantimit t\u00eb krijimeve t\u00eb saj n\u00eb Milano Fashion Week, stilistja e re do t\u00eb sjell\u00eb [&hellip;]<\/p>\n","protected":false},"author":2,"featured_media":4218,"comment_status":"open","ping_status":"open","sticky":false,"template":"","format":"standard","meta":{"footnotes":""},"categories":[59,39,40],"tags":[],"tmauthors":[64],"class_list":["post-4217","post","type-post","status-publish","format-standard","has-post-thumbnail","category-kryesore","category-mode","category-stiliste"],"_links":{"self":[{"href":"https:\/\/thelb.al\/index.php?rest_route=\/wp\/v2\/posts\/4217","targetHints":{"allow":["GET"]}}],"collection":[{"href":"https:\/\/thelb.al\/index.php?rest_route=\/wp\/v2\/posts"}],"about":[{"href":"https:\/\/thelb.al\/index.php?rest_route=\/wp\/v2\/types\/post"}],"author":[{"embeddable":true,"href":"https:\/\/thelb.al\/index.php?rest_route=\/wp\/v2\/users\/2"}],"replies":[{"embeddable":true,"href":"https:\/\/thelb.al\/index.php?rest_route=%2Fwp%2Fv2%2Fcomments&post=4217"}],"version-history":[{"count":2,"href":"https:\/\/thelb.al\/index.php?rest_route=\/wp\/v2\/posts\/4217\/revisions"}],"predecessor-version":[{"id":4222,"href":"https:\/\/thelb.al\/index.php?rest_route=\/wp\/v2\/posts\/4217\/revisions\/4222"}],"wp:featuredmedia":[{"embeddable":true,"href":"https:\/\/thelb.al\/index.php?rest_route=\/wp\/v2\/media\/4218"}],"wp:attachment":[{"href":"https:\/\/thelb.al\/index.php?rest_route=%2Fwp%2Fv2%2Fmedia&parent=4217"}],"wp:term":[{"taxonomy":"category","embeddable":true,"href":"https:\/\/thelb.al\/index.php?rest_route=%2Fwp%2Fv2%2Fcategories&post=4217"},{"taxonomy":"post_tag","embeddable":true,"href":"https:\/\/thelb.al\/index.php?rest_route=%2Fwp%2Fv2%2Ftags&post=4217"},{"taxonomy":"tmauthors","embeddable":true,"href":"https:\/\/thelb.al\/index.php?rest_route=%2Fwp%2Fv2%2Ftmauthors&post=4217"}],"curies":[{"name":"wp","href":"https:\/\/api.w.org\/{rel}","templated":true}]}}